{"id":39405,"date":"2021-05-08T10:26:37","date_gmt":"2021-05-08T14:26:37","guid":{"rendered":"https:\/\/www.radioamigavallenar.cl\/?p=39405"},"modified":"2021-05-08T10:26:37","modified_gmt":"2021-05-08T14:26:37","slug":"dominga-ong-fima-dispara-contra-tribunal-ambiental-y-acusa-evaluacion-de-impacto-paralela","status":"publish","type":"post","link":"https:\/\/www.radioamigavallenar.cl\/?p=39405","title":{"rendered":"Dominga: ONG Fima dispara contra tribunal ambiental y acusa \u00abevaluaci\u00f3n de impacto paralela\u00bb"},"content":{"rendered":"<p>El mi\u00e9rcoles, organizaciones socioambientales de Punta de Choros interpusieron un recurso de casaci\u00f3n ante la Corte\u00a0<strong>Suprema para revertir el fallo a favor de proyecto minero-portuario Dominga<\/strong>, de la empresa Andes Iron, en esta zona de inter\u00e9s natural en la regi\u00f3n de Coquimbo.<\/p>\n<p>Esto luego que el 16 de abril, por unanimidad, el\u00a0<strong>Primer Tribunal Ambiental de Antofagasta diera una nueva oportunidad<\/strong>\u00a0a la obra, retrotrayendo el procedimiento de tramitaci\u00f3n a la etapa de votaci\u00f3n en el consejo regional.<\/p>\n<div class=\"contenido-nota banners-contenido-nota\">\n<p>As\u00ed,\u00a0<strong>esta sentencia revoc\u00f3 la resoluci\u00f3n de la Comisi\u00f3n de Evaluaci\u00f3n Ambiental<\/strong>\u00a0de Coquimbo, que calific\u00f3 de manera desfavorable el estudio de impacto ambiental del proyecto, y del mismo Comit\u00e9 de Ministros.<\/p>\n<p>Seg\u00fan expuso el tribunal ambiental, la\u00a0<strong>decisi\u00f3n tomada se fundament\u00f3 en el \u201can\u00e1lisis exhaustivo\u201d<\/strong>\u00a0que se efectu\u00f3 respecto de los puntos en controversia y que tuvieron relaci\u00f3n con los antecedentes y evaluaci\u00f3n del proyecto, entre otras aristas.<\/p>\n<p>El abogado de pescadores de Los Choros y coordinador de litigios de la\u00a0<strong>ONG Fima<\/strong>, Diego Lillo, dispar\u00f3 contra el Tribunal Ambiental de Antofagasta, afirmando que esta luz verde fue, fundamentalmente,\u00a0<strong>\u201cuna evaluaci\u00f3n de impacto ambiental paralela\u201d<\/strong> para la cual la instancia no est\u00e1 habilitada.<\/p>\n<p>Por su parte, la dirigenta social de Punta de Choros, Teresa Reyes, dijo que\u00a0<strong>no entiende c\u00f3mo Dominga sigue en pie<\/strong>, dado su impacto medioambiental.<\/p>\n<p>\u201c\u00bfPor qu\u00e9 rechazar definitivamente el proyecto Dominga?\u00a0<strong>200 cient\u00edficos escribieron a las autoridades<\/strong> dando razones t\u00e9cnicas para hacerlo y ellos parten diciendo \u2018no podemos entender c\u00f3mo uno de los sitios m\u00e1s estudiados en Chile, y mejor justificados para ser conservados, a\u00fan no se ha protegido\u00bb\u201d<\/p>\n<p>No obstante, la presidenta de la\u00a0<strong>Asociaci\u00f3n Comunal de La Higuera, Ana Castillo, defendi\u00f3 el proyecto<\/strong>\u00a0minero-portuario impulsado por Andes Iron por el impacto que las obras tendr\u00edan en la creaci\u00f3n de empleos.<\/p>\n<p>Las faenas contemplan una inversi\u00f3n de m\u00e1s de US$2.500 millones para\u00a0<strong>extraer y procesar hierro y cobre<\/strong>.<\/p>\n<\/div>\n","protected":false},"excerpt":{"rendered":"<p>El mi\u00e9rcoles, organizaciones socioambientales de Punta de Choros interpusieron un recurso de casaci\u00f3n ante la Corte\u00a0Suprema para revertir el fallo a favor de proyecto minero-portuario&hellip; <\/p>\n","protected":false},"author":2,"featured_media":39406,"comment_status":"open","ping_status":"closed","sticky":false,"template":"","format":"standard","meta":{"footnotes":""},"categories":[37],"tags":[],"class_list":["post-39405","post","type-post","status-publish","format-standard","has-post-thumbnail","hentry","category-nacional"],"_links":{"self":[{"href":"https:\/\/www.radioamigavallenar.cl\/index.php?rest_route=\/wp\/v2\/posts\/39405","targetHints":{"allow":["GET"]}}],"collection":[{"href":"https:\/\/www.radioamigavallenar.cl\/index.php?rest_route=\/wp\/v2\/posts"}],"about":[{"href":"https:\/\/www.radioamigavallenar.cl\/index.php?rest_route=\/wp\/v2\/types\/post"}],"author":[{"embeddable":true,"href":"https:\/\/www.radioamigavallenar.cl\/index.php?rest_route=\/wp\/v2\/users\/2"}],"replies":[{"embeddable":true,"href":"https:\/\/www.radioamigavallenar.cl\/index.php?rest_route=%2Fwp%2Fv2%2Fcomments&post=39405"}],"version-history":[{"count":1,"href":"https:\/\/www.radioamigavallenar.cl\/index.php?rest_route=\/wp\/v2\/posts\/39405\/revisions"}],"predecessor-version":[{"id":39407,"href":"https:\/\/www.radioamigavallenar.cl\/index.php?rest_route=\/wp\/v2\/posts\/39405\/revisions\/39407"}],"wp:featuredmedia":[{"embeddable":true,"href":"https:\/\/www.radioamigavallenar.cl\/index.php?rest_route=\/wp\/v2\/media\/39406"}],"wp:attachment":[{"href":"https:\/\/www.radioamigavallenar.cl\/index.php?rest_route=%2Fwp%2Fv2%2Fmedia&parent=39405"}],"wp:term":[{"taxonomy":"category","embeddable":true,"href":"https:\/\/www.radioamigavallenar.cl\/index.php?rest_route=%2Fwp%2Fv2%2Fcategories&post=39405"},{"taxonomy":"post_tag","embeddable":true,"href":"https:\/\/www.radioamigavallenar.cl\/index.php?rest_route=%2Fwp%2Fv2%2Ftags&post=39405"}],"curies":[{"name":"wp","href":"https:\/\/api.w.org\/{rel}","templated":true}]}}