{"id":3938,"date":"2017-02-09T12:56:44","date_gmt":"2017-02-09T15:56:44","guid":{"rendered":"http:\/\/www.radioamigavallenar.cl\/?p=3938"},"modified":"2017-02-09T12:56:44","modified_gmt":"2017-02-09T15:56:44","slug":"hospital-provincial-del-huasco-logra-acreditacion-en-calidad","status":"publish","type":"post","link":"https:\/\/www.radioamigavallenar.cl\/?p=3938","title":{"rendered":"Hospital Provincial del Huasco logra Acreditaci\u00f3n en Calidad"},"content":{"rendered":"<p><a href=\"http:\/\/www.radioamigavallenar.cl\/wp-content\/uploads\/2017\/02\/HPH-Acreditada-3.jpg\"><img loading=\"lazy\" decoding=\"async\" class=\" size-medium wp-image-3941 aligncenter\" src=\"http:\/\/www.radioamigavallenar.cl\/wp-content\/uploads\/2017\/02\/HPH-Acreditada-3-300x200.jpg\" alt=\"HPH Acreditada (3)\" width=\"300\" height=\"200\" srcset=\"https:\/\/www.radioamigavallenar.cl\/wp-content\/uploads\/2017\/02\/HPH-Acreditada-3-300x200.jpg 300w, https:\/\/www.radioamigavallenar.cl\/wp-content\/uploads\/2017\/02\/HPH-Acreditada-3.jpg 700w\" sizes=\"auto, (max-width: 300px) 100vw, 300px\" \/><\/a><\/p>\n<p style=\"text-align: justify;\">Una muy buena noticia recibi\u00f3 el Hospital Provincial del Huasco (HPH) \u201cMonse\u00f1or Fernando Arizt\u00eda Ruiz\u201d, al ser notificados por la Superintendencia de Salud, que la instituci\u00f3n fue acreditada, luego de cumplir con todos los est\u00e1ndares de calidad y seguridad en los procesos cl\u00ednicos, de unidades de apoyo y administrativos, relacionados con la seguridad asistencial.<\/p>\n<p style=\"text-align: justify;\">\u201cEsto es una tremenda noticia y un tremendo logro. Hace un a\u00f1o empezamos un proceso de revisi\u00f3n de nuestros protocolos para acreditarnos en calidad y seguridad del paciente. Estamos en el selecto grupo de hospitales acreditados en calidad\u201d, dijo el Director del HPH, Claudio Baeza Avello.<\/p>\n<p style=\"text-align: justify;\">El Hospital Provincial del Huasco brinda atenci\u00f3n m\u00e9dica ambulatoria y hospitalaria de mediana complejidad. En el establecimiento se atiende m\u00e1s de 60 mil personas de la Provincia del Huasco y de all\u00ed la relevancia de contar con esta Acreditaci\u00f3n, \u201cpues nos para continuar entregando prestaciones de calidad para los usuarios\u201d, dijo Baeza.<\/p>\n<p style=\"text-align: justify;\">Sobre el particular, la Gobernadora de la provincia de Huasco, Alexandra N\u00fa\u00f1ez Sorich, destac\u00f3 el trabajo desplegado por el equipo, t\u00e9cnico, humano y profesional que labora en el recinto de salud, quienes han respondido de manera eficiente\u00a0 a la tarea de alcanzar logros que permitan \u2013 en definitiva \u2013 satisfacer las demandas de la poblaci\u00f3n, \u201cuna mejor calidad en la atenci\u00f3n, eficiencia y efectividad a la hora de responder a los requerimientos de todos los usuarios, es lo que el gobierno de la Presidenta Michelle Bachelet, nos ha instruido, poner nuestro mayor esfuerzo en las personas\u201d, se\u00f1al\u00f3.<\/p>\n<p style=\"text-align: justify;\">El Director del Hospital, agradeci\u00f3 el compromiso de todos los funcionarios manifestando que este es un logro transversal que permite que veamos y entendamos el proceso de Calidad como un equipo. \u201cEsto es un avance en materia de salud para nuestra gente, lo que permite prestaciones con calidad y m\u00e1s seguras\u201d.<\/p>\n<p style=\"text-align: justify;\">La acreditaci\u00f3n en los hospitales busca mejorar los procesos de trabajo y protocolos que se llevan a cabo al interior de los recintos asistenciales, minimizar riesgos o accidentes y que las personas reciban una atenci\u00f3n de calidad y m\u00e1s segura.<\/p>\n<p style=\"text-align: justify;\">Es por ello, que el HPH se prepar\u00f3 mediante una serie de constantes y met\u00f3dicas capacitaciones a cargo de profesionales de las \u00e1reas cl\u00ednica y no cl\u00ednica del recinto, dirigida a todos los funcionarios buscando interiorizar a cada uno de ellos,\u00a0 este importante paso para lograr la Acreditaci\u00f3n.<\/p>\n<p style=\"text-align: justify;\">En el Complejo Asistencial trabajan m\u00e1s de 500 funcionarios, y fue gracias al compromiso de cada uno de ellos que la instituci\u00f3n logr\u00f3 cumplir con los est\u00e1ndares y requerimientos para alcanzar este importante resultado.<\/p>\n<p style=\"text-align: justify;\">Este certificado es otorgado por la Superintendencia de Salud, luego de cumplir con todos los est\u00e1ndares de calidad y seguridad en los procesos cl\u00ednicos, de unidades de apoyo y administrativos, relacionados con la seguridad asistencial.<\/p>\n<p style=\"text-align: justify;\"><a href=\"http:\/\/www.radioamigavallenar.cl\/wp-content\/uploads\/2017\/02\/HPH-Acreditada-2.jpg\"><img loading=\"lazy\" decoding=\"async\" class=\"alignnone size-medium wp-image-3940\" src=\"http:\/\/www.radioamigavallenar.cl\/wp-content\/uploads\/2017\/02\/HPH-Acreditada-2-300x200.jpg\" alt=\"HPH Acreditada (2)\" width=\"300\" height=\"200\" srcset=\"https:\/\/www.radioamigavallenar.cl\/wp-content\/uploads\/2017\/02\/HPH-Acreditada-2-300x200.jpg 300w, https:\/\/www.radioamigavallenar.cl\/wp-content\/uploads\/2017\/02\/HPH-Acreditada-2.jpg 700w\" sizes=\"auto, (max-width: 300px) 100vw, 300px\" \/><\/a> <a href=\"http:\/\/www.radioamigavallenar.cl\/wp-content\/uploads\/2017\/02\/HPH-Acreditada-1.jpg\"><img loading=\"lazy\" decoding=\"async\" class=\" size-medium wp-image-3939 alignright\" src=\"http:\/\/www.radioamigavallenar.cl\/wp-content\/uploads\/2017\/02\/HPH-Acreditada-1-300x200.jpg\" alt=\"HPH Acreditada (1)\" width=\"300\" height=\"200\" srcset=\"https:\/\/www.radioamigavallenar.cl\/wp-content\/uploads\/2017\/02\/HPH-Acreditada-1-300x200.jpg 300w, https:\/\/www.radioamigavallenar.cl\/wp-content\/uploads\/2017\/02\/HPH-Acreditada-1.jpg 700w\" sizes=\"auto, (max-width: 300px) 100vw, 300px\" \/><\/a><\/p>\n","protected":false},"excerpt":{"rendered":"<p>Una muy buena noticia recibi\u00f3 el Hospital Provincial del Huasco (HPH) \u201cMonse\u00f1or Fernando Arizt\u00eda Ruiz\u201d, al ser notificados por la Superintendencia de Salud, que la&hellip; <\/p>\n","protected":false},"author":2,"featured_media":3942,"comment_status":"open","ping_status":"closed","sticky":false,"template":"","format":"standard","meta":{"footnotes":""},"categories":[7],"tags":[],"class_list":["post-3938","post","type-post","status-publish","format-standard","has-post-thumbnail","hentry","category-atacama"],"_links":{"self":[{"href":"https:\/\/www.radioamigavallenar.cl\/index.php?rest_route=\/wp\/v2\/posts\/3938","targetHints":{"allow":["GET"]}}],"collection":[{"href":"https:\/\/www.radioamigavallenar.cl\/index.php?rest_route=\/wp\/v2\/posts"}],"about":[{"href":"https:\/\/www.radioamigavallenar.cl\/index.php?rest_route=\/wp\/v2\/types\/post"}],"author":[{"embeddable":true,"href":"https:\/\/www.radioamigavallenar.cl\/index.php?rest_route=\/wp\/v2\/users\/2"}],"replies":[{"embeddable":true,"href":"https:\/\/www.radioamigavallenar.cl\/index.php?rest_route=%2Fwp%2Fv2%2Fcomments&post=3938"}],"version-history":[{"count":0,"href":"https:\/\/www.radioamigavallenar.cl\/index.php?rest_route=\/wp\/v2\/posts\/3938\/revisions"}],"wp:featuredmedia":[{"embeddable":true,"href":"https:\/\/www.radioamigavallenar.cl\/index.php?rest_route=\/wp\/v2\/media\/3942"}],"wp:attachment":[{"href":"https:\/\/www.radioamigavallenar.cl\/index.php?rest_route=%2Fwp%2Fv2%2Fmedia&parent=3938"}],"wp:term":[{"taxonomy":"category","embeddable":true,"href":"https:\/\/www.radioamigavallenar.cl\/index.php?rest_route=%2Fwp%2Fv2%2Fcategories&post=3938"},{"taxonomy":"post_tag","embeddable":true,"href":"https:\/\/www.radioamigavallenar.cl\/index.php?rest_route=%2Fwp%2Fv2%2Ftags&post=3938"}],"curies":[{"name":"wp","href":"https:\/\/api.w.org\/{rel}","templated":true}]}}