{"id":393,"date":"2016-05-09T09:40:35","date_gmt":"2016-05-09T12:40:35","guid":{"rendered":"http:\/\/www.radioamigavallenar.cl\/?p=393"},"modified":"2016-05-09T09:40:35","modified_gmt":"2016-05-09T12:40:35","slug":"audios-nuevos-medicos-llegan-a-la-region-de-atacama","status":"publish","type":"post","link":"https:\/\/www.radioamigavallenar.cl\/?p=393","title":{"rendered":"(AUDIOS) Nuevos m\u00e9dicos llegan a la regi\u00f3n de Atacama"},"content":{"rendered":"<p style=\"text-align: justify;\"><a href=\"http:\/\/www.radioamigavallenar.cl\/wp-content\/uploads\/2016\/05\/Nuevos-M\u00e9dicos.jpg\"><img loading=\"lazy\" decoding=\"async\" class=\" size-medium wp-image-398 aligncenter\" src=\"http:\/\/www.radioamigavallenar.cl\/wp-content\/uploads\/2016\/05\/Nuevos-M\u00e9dicos-300x200.jpg\" alt=\"Nuevos M\u00e9dicos\" width=\"300\" height=\"200\" srcset=\"https:\/\/www.radioamigavallenar.cl\/wp-content\/uploads\/2016\/05\/Nuevos-M\u00e9dicos-300x200.jpg 300w, https:\/\/www.radioamigavallenar.cl\/wp-content\/uploads\/2016\/05\/Nuevos-M\u00e9dicos.jpg 700w\" sizes=\"auto, (max-width: 300px) 100vw, 300px\" \/><\/a><\/p>\n<p style=\"text-align: justify;\">15\u00a0 profesionales de la salud ya se encuentran en la Regi\u00f3n para desempe\u00f1arse en Centros de Salud Familiar y Hospitales comunitarios de Atacama. Estos m\u00e9dicos y odont\u00f3logos en Etapa de Destinaci\u00f3n y Formaci\u00f3n\u00a0 (EDF), son contratados por el Servicio de Salud Atacama para desempe\u00f1ar preferentemente funciones de car\u00e1cter asistencial, en el primer y segundo nivel de atenci\u00f3n en diferentes comunas de la regi\u00f3n.<\/p>\n<p style=\"text-align: justify;\">Los facultativos, junto a la Directora del Servicio de Salud Atacama, Dra. Sonia Ibaceta, sostuvieron una reuni\u00f3n con la m\u00e1xima autoridad regional abordando diversos temas de la profesi\u00f3n m\u00e9dica\u00a0 y de sus expectativas en la zona.<\/p>\n<p style=\"text-align: justify;\">En este contexto, el Intendente de Atacama, Miguel Vargas Correa se\u00f1al\u00f3 \u201cEstamos muy contentos con la llegada de estos 13 nuevos m\u00e9dicos y \u00a02\u00a0 odont\u00f3logos que se van a desempe\u00f1ar \u00a0en distintas comunas fundamentalmente en los Cesfam y los Hospitales comunitarias en Cha\u00f1aral, en Freirina, en Tierra Amarilla, en Huasco, en Copiap\u00f3 y tambi\u00e9n en Vallenar\u00bb<\/p>\n<audio class=\"wp-audio-shortcode\" id=\"audio-393-1\" preload=\"none\" style=\"width: 100%;\" controls=\"controls\"><source type=\"audio\/mpeg\" src=\"http:\/\/www.radioamigavallenar.cl\/wp-content\/uploads\/2016\/05\/ntendente-Vargas-nuevos-EDF.mp3?_=1\" \/><a href=\"http:\/\/www.radioamigavallenar.cl\/wp-content\/uploads\/2016\/05\/ntendente-Vargas-nuevos-EDF.mp3\">http:\/\/www.radioamigavallenar.cl\/wp-content\/uploads\/2016\/05\/ntendente-Vargas-nuevos-EDF.mp3<\/a><\/audio>\n<p style=\"text-align: justify;\">Por su parte la Directora del Servicio de Salud Atacama, Dra. Sonia Ibaceta Lorca\u00a0 coment\u00f3 \u201cNos encontramos ac\u00e1 con los 15 nuevos profesionales de la salud que llegaron a la regi\u00f3n, de los cuales 13 que son \u00a0m\u00e9dicos y 2 odont\u00f3logos, \u00a0y van a comenzar a realizar sus labores en estos espacios para trabajar directamente con la comunidad en lo que es el Modelo de Salud Familiar.\u201d<\/p>\n<audio class=\"wp-audio-shortcode\" id=\"audio-393-2\" preload=\"none\" style=\"width: 100%;\" controls=\"controls\"><source type=\"audio\/mpeg\" src=\"http:\/\/www.radioamigavallenar.cl\/wp-content\/uploads\/2016\/05\/Dra-Ibaceta-Nuevos-EDF.mp3?_=2\" \/><a href=\"http:\/\/www.radioamigavallenar.cl\/wp-content\/uploads\/2016\/05\/Dra-Ibaceta-Nuevos-EDF.mp3\">http:\/\/www.radioamigavallenar.cl\/wp-content\/uploads\/2016\/05\/Dra-Ibaceta-Nuevos-EDF.mp3<\/a><\/audio>\n<p style=\"text-align: justify;\">Cabe destacar que de estos 15 profesionales de la salud, uno de ellos es Copiapino. Se trata del m\u00e9dico Sebasti\u00e1n Palominos Stolzenbach, quien estudi\u00f3 medicina en la Universidad de Chile y corresponde a los nuevos cargos de expansi\u00f3n de EDF, el facultativo se\u00f1al\u00f3\u00a0 \u201cVoy a Tierra Amarilla y tengo la particularidad que soy el \u00fanico \u00a0Copiapino y estoy retornando a mi ciudad despu\u00e9s de vivir en Santiago\u00bb<\/p>\n<audio class=\"wp-audio-shortcode\" id=\"audio-393-3\" preload=\"none\" style=\"width: 100%;\" controls=\"controls\"><source type=\"audio\/mpeg\" src=\"http:\/\/www.radioamigavallenar.cl\/wp-content\/uploads\/2016\/05\/EDF-Sebastian-Palominos.mp3?_=3\" \/><a href=\"http:\/\/www.radioamigavallenar.cl\/wp-content\/uploads\/2016\/05\/EDF-Sebastian-Palominos.mp3\">http:\/\/www.radioamigavallenar.cl\/wp-content\/uploads\/2016\/05\/EDF-Sebastian-Palominos.mp3<\/a><\/audio>\n<p style=\"text-align: justify;\">Otra de los m\u00e9dicos que llegaron aumentando la cantidad de profesionales en los centros de salud familiar es \u00c1ngela Godoy Villegas, titulada en la Universidad Mayor, quien estar\u00e1 destinada al CESFAM de Cha\u00f1aral.<\/p>\n<audio class=\"wp-audio-shortcode\" id=\"audio-393-4\" preload=\"none\" style=\"width: 100%;\" controls=\"controls\"><source type=\"audio\/mpeg\" src=\"http:\/\/www.radioamigavallenar.cl\/wp-content\/uploads\/2016\/05\/EDF-Angela-Godoy.mp3?_=4\" \/><a href=\"http:\/\/www.radioamigavallenar.cl\/wp-content\/uploads\/2016\/05\/EDF-Angela-Godoy.mp3\">http:\/\/www.radioamigavallenar.cl\/wp-content\/uploads\/2016\/05\/EDF-Angela-Godoy.mp3<\/a><\/audio>\n<p style=\"text-align: justify;\">De estos 15 profesionales de la salud, nueve fueron contratados con nuevos cargos aumentando de esta manera los m\u00e9dicos para la atenci\u00f3n de la comunidad, dando as\u00ed cumplimiento al compromiso de la Presidenta Michelle Bachelet de expandir nuevas plazas.<\/p>\n","protected":false},"excerpt":{"rendered":"<p>15\u00a0 profesionales de la salud ya se encuentran en la Regi\u00f3n para desempe\u00f1arse en Centros de Salud Familiar y Hospitales comunitarios de Atacama. Estos m\u00e9dicos&hellip; <\/p>\n","protected":false},"author":2,"featured_media":398,"comment_status":"open","ping_status":"closed","sticky":false,"template":"","format":"standard","meta":{"footnotes":""},"categories":[7],"tags":[],"class_list":["post-393","post","type-post","status-publish","format-standard","has-post-thumbnail","hentry","category-atacama"],"_links":{"self":[{"href":"https:\/\/www.radioamigavallenar.cl\/index.php?rest_route=\/wp\/v2\/posts\/393","targetHints":{"allow":["GET"]}}],"collection":[{"href":"https:\/\/www.radioamigavallenar.cl\/index.php?rest_route=\/wp\/v2\/posts"}],"about":[{"href":"https:\/\/www.radioamigavallenar.cl\/index.php?rest_route=\/wp\/v2\/types\/post"}],"author":[{"embeddable":true,"href":"https:\/\/www.radioamigavallenar.cl\/index.php?rest_route=\/wp\/v2\/users\/2"}],"replies":[{"embeddable":true,"href":"https:\/\/www.radioamigavallenar.cl\/index.php?rest_route=%2Fwp%2Fv2%2Fcomments&post=393"}],"version-history":[{"count":0,"href":"https:\/\/www.radioamigavallenar.cl\/index.php?rest_route=\/wp\/v2\/posts\/393\/revisions"}],"wp:featuredmedia":[{"embeddable":true,"href":"https:\/\/www.radioamigavallenar.cl\/index.php?rest_route=\/wp\/v2\/media\/398"}],"wp:attachment":[{"href":"https:\/\/www.radioamigavallenar.cl\/index.php?rest_route=%2Fwp%2Fv2%2Fmedia&parent=393"}],"wp:term":[{"taxonomy":"category","embeddable":true,"href":"https:\/\/www.radioamigavallenar.cl\/index.php?rest_route=%2Fwp%2Fv2%2Fcategories&post=393"},{"taxonomy":"post_tag","embeddable":true,"href":"https:\/\/www.radioamigavallenar.cl\/index.php?rest_route=%2Fwp%2Fv2%2Ftags&post=393"}],"curies":[{"name":"wp","href":"https:\/\/api.w.org\/{rel}","templated":true}]}}