{"id":3921,"date":"2017-02-09T12:06:56","date_gmt":"2017-02-09T15:06:56","guid":{"rendered":"http:\/\/www.radioamigavallenar.cl\/?p=3921"},"modified":"2017-02-09T12:06:56","modified_gmt":"2017-02-09T15:06:56","slug":"nuevo-accidente-de-transito-deja-una-persona-lesionada-cercano-al-puerto-de-caldera","status":"publish","type":"post","link":"https:\/\/www.radioamigavallenar.cl\/?p=3921","title":{"rendered":"Nuevo accidente de tr\u00e1nsito deja una persona lesionada cercano al puerto de Caldera"},"content":{"rendered":"<p style=\"text-align: justify;\"><a href=\"http:\/\/www.radioamigavallenar.cl\/wp-content\/uploads\/2017\/02\/Volcamiento.jpg\"><img loading=\"lazy\" decoding=\"async\" class=\" size-medium wp-image-3922 aligncenter\" src=\"http:\/\/www.radioamigavallenar.cl\/wp-content\/uploads\/2017\/02\/Volcamiento-300x170.jpg\" alt=\"Volcamiento\" width=\"300\" height=\"170\" srcset=\"https:\/\/www.radioamigavallenar.cl\/wp-content\/uploads\/2017\/02\/Volcamiento-300x170.jpg 300w, https:\/\/www.radioamigavallenar.cl\/wp-content\/uploads\/2017\/02\/Volcamiento.jpg 700w\" sizes=\"auto, (max-width: 300px) 100vw, 300px\" \/><\/a><\/p>\n<p style=\"text-align: justify;\">El accidente ocurri\u00f3 cerca de las 08 am en la jornada de este Jueves.<span id=\"more-119816\"><\/span><\/p>\n<p style=\"text-align: justify;\">En horas de esta ma\u00f1ana a la altura del sector del cruce a Bah\u00eda Inglesa direcci\u00f3n salida sur de la ciudad de Caldera en el Km 877 de la ruta 5 norte\u00a0 se produjo un volcamiento de una camioneta FORD F 150 placa patente CK.KC 76, quien se dirig\u00eda de norte a sur, por razones que se investigan el veh\u00edculo choc\u00f3 con una de las barrera de contenci\u00f3n para luego volcarse y quedar en el bandej\u00f3n.<\/p>\n<p style=\"text-align: justify;\">La unidad de rescate de Bomberos de Caldera tuvo que trabajar con su equipo extricaci\u00f3n para rescatar al conductor que se encontraba al interior del veh\u00edculo y que fue identificado con las iniciales \u00a0C.C.C., de 44 a\u00f1os.<\/p>\n<p style=\"text-align: justify;\">Por su parte Carabineros de la Comisaria realiz\u00f3 los primeros peritajes para investigar este accidente que pudo tener consecuencias fatales.<\/p>\n","protected":false},"excerpt":{"rendered":"<p>El accidente ocurri\u00f3 cerca de las 08 am en la jornada de este Jueves. En horas de esta ma\u00f1ana a la altura del sector del&hellip; <\/p>\n","protected":false},"author":2,"featured_media":3922,"comment_status":"open","ping_status":"closed","sticky":false,"template":"","format":"standard","meta":{"footnotes":""},"categories":[6],"tags":[],"class_list":["post-3921","post","type-post","status-publish","format-standard","has-post-thumbnail","hentry","category-policial"],"_links":{"self":[{"href":"https:\/\/www.radioamigavallenar.cl\/index.php?rest_route=\/wp\/v2\/posts\/3921","targetHints":{"allow":["GET"]}}],"collection":[{"href":"https:\/\/www.radioamigavallenar.cl\/index.php?rest_route=\/wp\/v2\/posts"}],"about":[{"href":"https:\/\/www.radioamigavallenar.cl\/index.php?rest_route=\/wp\/v2\/types\/post"}],"author":[{"embeddable":true,"href":"https:\/\/www.radioamigavallenar.cl\/index.php?rest_route=\/wp\/v2\/users\/2"}],"replies":[{"embeddable":true,"href":"https:\/\/www.radioamigavallenar.cl\/index.php?rest_route=%2Fwp%2Fv2%2Fcomments&post=3921"}],"version-history":[{"count":0,"href":"https:\/\/www.radioamigavallenar.cl\/index.php?rest_route=\/wp\/v2\/posts\/3921\/revisions"}],"wp:featuredmedia":[{"embeddable":true,"href":"https:\/\/www.radioamigavallenar.cl\/index.php?rest_route=\/wp\/v2\/media\/3922"}],"wp:attachment":[{"href":"https:\/\/www.radioamigavallenar.cl\/index.php?rest_route=%2Fwp%2Fv2%2Fmedia&parent=3921"}],"wp:term":[{"taxonomy":"category","embeddable":true,"href":"https:\/\/www.radioamigavallenar.cl\/index.php?rest_route=%2Fwp%2Fv2%2Fcategories&post=3921"},{"taxonomy":"post_tag","embeddable":true,"href":"https:\/\/www.radioamigavallenar.cl\/index.php?rest_route=%2Fwp%2Fv2%2Ftags&post=3921"}],"curies":[{"name":"wp","href":"https:\/\/api.w.org\/{rel}","templated":true}]}}