{"id":38871,"date":"2021-04-27T11:50:05","date_gmt":"2021-04-27T15:50:05","guid":{"rendered":"https:\/\/www.radioamigavallenar.cl\/?p=38871"},"modified":"2021-04-27T11:50:05","modified_gmt":"2021-04-27T15:50:05","slug":"atacama-reporto-este-martes-122-nuevos-casos-covid-y-969-activos","status":"publish","type":"post","link":"https:\/\/www.radioamigavallenar.cl\/?p=38871","title":{"rendered":"Atacama report\u00f3 este martes 122 nuevos casos COVID y 969 activos"},"content":{"rendered":"<p>El Minsal inform\u00f3 este martes\u00a0<strong>una leve disminuci\u00f3n de los casos activos diarios<\/strong>, llegando en las \u00faltimas 24 horas a los 969 activos confirmados, al menos una cifra por debajo de los mil que se ven\u00edan reportando desde hace ya nueve d\u00edas consecutivos a nivel regional.\u00a0 Respecto de los nuevos casos de Covid-19, hoy se informaron 122 positivos de la enfermedad, llegando la regi\u00f3n de Atacama a los 17.728 casos acumulados de la enfermedad.<\/p>\n<p>En el detalle de los casos nuevos de este martes, 45 fueron casos sintom\u00e1ticos y 76 sin s\u00edntomas, un caso reportado por laboratorio y un caso detectado por ant\u00edgenos.<\/p>\n","protected":false},"excerpt":{"rendered":"<p>El Minsal inform\u00f3 este martes\u00a0una leve disminuci\u00f3n de los casos activos diarios, llegando en las \u00faltimas 24 horas a los 969 activos confirmados, al menos&hellip; <\/p>\n","protected":false},"author":2,"featured_media":37462,"comment_status":"open","ping_status":"closed","sticky":false,"template":"","format":"standard","meta":{"footnotes":""},"categories":[38],"tags":[],"class_list":["post-38871","post","type-post","status-publish","format-standard","has-post-thumbnail","hentry","category-portada-regional"],"_links":{"self":[{"href":"https:\/\/www.radioamigavallenar.cl\/index.php?rest_route=\/wp\/v2\/posts\/38871","targetHints":{"allow":["GET"]}}],"collection":[{"href":"https:\/\/www.radioamigavallenar.cl\/index.php?rest_route=\/wp\/v2\/posts"}],"about":[{"href":"https:\/\/www.radioamigavallenar.cl\/index.php?rest_route=\/wp\/v2\/types\/post"}],"author":[{"embeddable":true,"href":"https:\/\/www.radioamigavallenar.cl\/index.php?rest_route=\/wp\/v2\/users\/2"}],"replies":[{"embeddable":true,"href":"https:\/\/www.radioamigavallenar.cl\/index.php?rest_route=%2Fwp%2Fv2%2Fcomments&post=38871"}],"version-history":[{"count":1,"href":"https:\/\/www.radioamigavallenar.cl\/index.php?rest_route=\/wp\/v2\/posts\/38871\/revisions"}],"predecessor-version":[{"id":38872,"href":"https:\/\/www.radioamigavallenar.cl\/index.php?rest_route=\/wp\/v2\/posts\/38871\/revisions\/38872"}],"wp:featuredmedia":[{"embeddable":true,"href":"https:\/\/www.radioamigavallenar.cl\/index.php?rest_route=\/wp\/v2\/media\/37462"}],"wp:attachment":[{"href":"https:\/\/www.radioamigavallenar.cl\/index.php?rest_route=%2Fwp%2Fv2%2Fmedia&parent=38871"}],"wp:term":[{"taxonomy":"category","embeddable":true,"href":"https:\/\/www.radioamigavallenar.cl\/index.php?rest_route=%2Fwp%2Fv2%2Fcategories&post=38871"},{"taxonomy":"post_tag","embeddable":true,"href":"https:\/\/www.radioamigavallenar.cl\/index.php?rest_route=%2Fwp%2Fv2%2Ftags&post=38871"}],"curies":[{"name":"wp","href":"https:\/\/api.w.org\/{rel}","templated":true}]}}