{"id":38512,"date":"2021-04-20T10:26:54","date_gmt":"2021-04-20T14:26:54","guid":{"rendered":"https:\/\/www.radioamigavallenar.cl\/?p=38512"},"modified":"2021-04-20T10:26:54","modified_gmt":"2021-04-20T14:26:54","slug":"comienza-proceso-de-bono-de-hasta-500-mil-para-transportistas","status":"publish","type":"post","link":"https:\/\/www.radioamigavallenar.cl\/?p=38512","title":{"rendered":"Comienza proceso de bono de hasta $500 mil para transportistas"},"content":{"rendered":"<p><b><span lang=\"ES-CL\">El beneficio se puede obtener en\u00a0<a href=\"http:\/\/www.mtt.gob.cl\/\" target=\"_blank\" rel=\"noopener noreferrer\" data-saferedirecturl=\"https:\/\/www.google.com\/url?q=http:\/\/www.mtt.gob.cl&amp;source=gmail&amp;ust=1619011916022000&amp;usg=AFQjCNEGP5nOMXqid1lEgPO5Twb1AGAPUA\">www.mtt.gob.cl<\/a>, accediendo con el RUN y la Clave \u00danica.\u00a0<\/span><\/b><span lang=\"ES-CL\">\u201c<\/span><b><span lang=\"ES-CL\">Son aproximadamente 250 mil potenciales beneficiados que tendr\u00e1n 60 d\u00edas, a contar de hoy, para solicitar esta ayuda\u201d, se\u00f1al\u00f3 el Subsecretario de Transportes, Jos\u00e9 Luis Dom\u00ednguez.<\/span><\/b><\/p>\n<p>A\u00a0partir de hoy propietarios y conductores de\u00a0taxis b\u00e1sicos, colectivos, ejecutivos y de turismo; buses y minibuses urbanos y rurales, y furgones escolares, pueden postular al nuevo bono de $500 mil en apoyo al sector y que se solicita en la plataforma habilitada en la p\u00e1gina de Ministerio de Transportes y Telecomunicaciones\u00a0<a href=\"http:\/\/www.mtt.gob.cl\/\" data-saferedirecturl=\"https:\/\/www.google.com\/url?q=http:\/\/www.mtt.gob.cl&amp;source=gmail&amp;ust=1619011916022000&amp;usg=AFQjCNEGP5nOMXqid1lEgPO5Twb1AGAPUA\">www.mtt.gob.cl<\/a>.<\/p>\n<p>El Subsecretario de Transportes, Jos\u00e9 Luis Dom\u00ednguez, se\u00f1al\u00f3 que \u201cel inicio de este proceso es una muy buena noticia para un sector que se ha visto fuertemente golpeado por la pandemia del Covid-19. Son aproximadamente 250 mil potenciales beneficiados que tendr\u00e1n 60 d\u00edas, a contar de hoy, para solicitar este bono de apoyo \u00fanico. Para ello, los microempresarios deben ingresar al minisitio habilitado en la p\u00e1gina web del Ministerio de Transportes y Telecomunicaciones para realizar la solicitud y luego inscribir a los conductores asociados a cada una de las Placas Patentes \u00danicas de los veh\u00edculos inscritos\u201d.<\/p>\n<p>En relaci\u00f3n a la realidad local el Seremi de Transportes y Telecomunicaciones, Vittorio Ghiglino Bianchi, indic\u00f3 que\u00a0 \u201cel primer bono benefici\u00f3 a casi 2000 transportistas en la Regi\u00f3n de Atacama y como gobierno hoy\u00a0\u00a0estamos realizando un tremendo esfuerzo para amentar esa ayuda debido a que los ingresos de los transportistas se han visto dr\u00e1sticamente disminuidos con motivo de la pandemia. Esperamos que este bono que aumenta a $500 mil, en complemento con el cr\u00e9dito solidario, sea de gran ayuda para el gremio y les d\u00e9 un alivio en estos tiempos que sin duda han sido dif\u00edciles para todos los chilenos\u201d.<\/p>\n<p style=\"text-align: center;\"><strong>Pasos de la postulaci\u00f3n<\/strong><\/p>\n<p>Los propietarios o representantes legales, con su RUN y Clave Unica, deben especificar sus datos personales, seleccionar el medio de pago (cuenta RUT, pago por caja o transferencia electr\u00f3nica) y luego se desplegar\u00e1 un listado de los veh\u00edculos habilitados para la postulaci\u00f3n para que, de ese modo, el microempresario pueda asociar a un conductor por cada una de las Placas Patentes \u00danicas. Para ello, debe ingresar el RUN, mail y tel\u00e9fono de la respectiva persona.<\/p>\n<p>Finalmente se desplegar\u00e1 un resumen de la postulaci\u00f3n, con los datos ingresados por el propietario y los conductores asociados a las patentes habilitadas, para que luego el postulante acepte los t\u00e9rminos y condici\u00f3n de uso.<\/p>\n<p>Finalizado el proceso, los propietarios tendr\u00e1n tres d\u00edas corridos para realizar modificaciones, la eliminaci\u00f3n o cancelaci\u00f3n de la postulaci\u00f3n a trav\u00e9s de la misma plataforma en el bot\u00f3n \u201cMis Solicitudes\u201d.<\/p>\n<p>Una vez cumplido el plazo de retracto, se enviar\u00e1 un correo a los conductores postulados indic\u00e1ndoles que entrar\u00e1n a proceso de an\u00e1lisis de antecedentes, el que tiene una duraci\u00f3n aproximada de una semana. Una vez finalizada dicha instancia, y en caso de aprobaci\u00f3n, se les enviar\u00e1 un mail para que ingresen a la plataforma con su RUN y Clave Unica, adjunten una copia de su licencia de conducir profesional por ambos lados y se\u00f1alen el medio de pago.<\/p>\n<p>En total, desde la fecha de postulaci\u00f3n, habr\u00e1 un plazo de 20 d\u00edas h\u00e1biles para que la Tesorer\u00eda General de la Rep\u00fablica realice el pago del beneficio.<\/p>\n<p>El Subsecretario Dom\u00ednguez a\u00f1adi\u00f3 que \u201cdurante los pr\u00f3ximos d\u00edas se habilitar\u00e1n las solicitudes del pr\u00e9stamo estatal solidario de $320.500 para los microempresarios del transporte, postulaci\u00f3n que se podr\u00e1 hacer en el mismo minisitio del Ministerio de Transportes y Telecomunicaciones, por hasta tres ocasiones:\u00a0las primeras dos hasta el 15 de julio, mientras que la tercera entre el 1 de septiembre y el 31 de diciembre del 2021\u201d.<\/p>\n<p>El pr\u00e9stamo deber\u00e1 ser restituido sin intereses, s\u00f3lo con reajuste, a partir de abril del a\u00f1o 2022, en cuotas mensuales de igual valor, determinadas en UF y bajo un convenio de pago con la Tesorer\u00eda General de la Rep\u00fablica.<\/p>\n","protected":false},"excerpt":{"rendered":"<p>El beneficio se puede obtener en\u00a0www.mtt.gob.cl, accediendo con el RUN y la Clave \u00danica.\u00a0\u201cSon aproximadamente 250 mil potenciales beneficiados que tendr\u00e1n 60 d\u00edas, a contar&hellip; <\/p>\n","protected":false},"author":2,"featured_media":38513,"comment_status":"open","ping_status":"closed","sticky":false,"template":"","format":"standard","meta":{"footnotes":""},"categories":[38],"tags":[],"class_list":["post-38512","post","type-post","status-publish","format-standard","has-post-thumbnail","hentry","category-portada-regional"],"_links":{"self":[{"href":"https:\/\/www.radioamigavallenar.cl\/index.php?rest_route=\/wp\/v2\/posts\/38512","targetHints":{"allow":["GET"]}}],"collection":[{"href":"https:\/\/www.radioamigavallenar.cl\/index.php?rest_route=\/wp\/v2\/posts"}],"about":[{"href":"https:\/\/www.radioamigavallenar.cl\/index.php?rest_route=\/wp\/v2\/types\/post"}],"author":[{"embeddable":true,"href":"https:\/\/www.radioamigavallenar.cl\/index.php?rest_route=\/wp\/v2\/users\/2"}],"replies":[{"embeddable":true,"href":"https:\/\/www.radioamigavallenar.cl\/index.php?rest_route=%2Fwp%2Fv2%2Fcomments&post=38512"}],"version-history":[{"count":1,"href":"https:\/\/www.radioamigavallenar.cl\/index.php?rest_route=\/wp\/v2\/posts\/38512\/revisions"}],"predecessor-version":[{"id":38514,"href":"https:\/\/www.radioamigavallenar.cl\/index.php?rest_route=\/wp\/v2\/posts\/38512\/revisions\/38514"}],"wp:featuredmedia":[{"embeddable":true,"href":"https:\/\/www.radioamigavallenar.cl\/index.php?rest_route=\/wp\/v2\/media\/38513"}],"wp:attachment":[{"href":"https:\/\/www.radioamigavallenar.cl\/index.php?rest_route=%2Fwp%2Fv2%2Fmedia&parent=38512"}],"wp:term":[{"taxonomy":"category","embeddable":true,"href":"https:\/\/www.radioamigavallenar.cl\/index.php?rest_route=%2Fwp%2Fv2%2Fcategories&post=38512"},{"taxonomy":"post_tag","embeddable":true,"href":"https:\/\/www.radioamigavallenar.cl\/index.php?rest_route=%2Fwp%2Fv2%2Ftags&post=38512"}],"curies":[{"name":"wp","href":"https:\/\/api.w.org\/{rel}","templated":true}]}}