{"id":38506,"date":"2021-04-20T10:17:57","date_gmt":"2021-04-20T14:17:57","guid":{"rendered":"https:\/\/www.radioamigavallenar.cl\/?p=38506"},"modified":"2021-04-20T10:17:57","modified_gmt":"2021-04-20T14:17:57","slug":"seremi-de-mineria-realizo-actividad-preventiva-del-covid-y-accidentes-en-mina-cerro-negro-norte-de-cmp","status":"publish","type":"post","link":"https:\/\/www.radioamigavallenar.cl\/?p=38506","title":{"rendered":"Seremi de Miner\u00eda realiz\u00f3 actividad preventiva del covid y accidentes en Mina Cerro Negro Norte de CMP"},"content":{"rendered":"<p><strong>Adem\u00e1s de reforzar las campa\u00f1as que realiza la empresa para enfrentar la pandemia al\u00a0interior\u00a0de su faena, la autoridad se refiri\u00f3 a los accidentes por\u00a0golpe\u00a0de roca y\u00a0ca\u00edda desde altura.\u00a0<\/strong><\/p>\n<p><span data-contrast=\"auto\">\u201cEstamos muy contentos de que\u00a0<\/span><span data-contrast=\"auto\">los trabajadores y trabajadoras\u00a0<\/span><span data-contrast=\"auto\">hayan tomado esta informaci\u00f3n y que la puedan llevar a sus hogares\u201d, dijo el seremi de Miner\u00eda Cristian\u00a0Alvayai\u00a0tras visitar la faena Cerro Negro Norte de la Compa\u00f1\u00eda Minera del Pac\u00edfico, para entregar un mensaje de prevenci\u00f3n del coronavirus<\/span><span data-contrast=\"auto\">\u00a0e informar sobre los riesgos de accidentes por ca\u00edda desde distinto nivel y golpe po<\/span><span data-contrast=\"auto\">r rocas que son los m\u00e1s\u00a0<\/span><span data-contrast=\"auto\">re<\/span><span data-contrast=\"auto\">curren<\/span><span data-contrast=\"auto\">tes<\/span><span data-contrast=\"auto\">\u00a0en la miner\u00eda.<\/span><span data-ccp-props=\"{&quot;201341983&quot;:0,&quot;335551550&quot;:6,&quot;335551620&quot;:6,&quot;335559739&quot;:160,&quot;335559740&quot;:259}\">\u00a0<\/span><\/p>\n<p><span data-contrast=\"auto\">Este acercamiento que est\u00e1 realizando la autoridad regional<\/span><span data-contrast=\"auto\">,<\/span><span data-contrast=\"auto\">\u00a0tanto a los peque\u00f1os mineros como a la\u00a0<\/span><span data-contrast=\"auto\">gran<\/span><span data-contrast=\"auto\">\u00a0miner\u00eda<\/span><span data-contrast=\"auto\">,<\/span><span data-contrast=\"auto\">\u00a0forma parte del trabajo desde el ministerio de Miner\u00eda para apoyar los procesos que desa<\/span><span data-contrast=\"auto\">rrollan las faenas mineras para prevenir accidentes y el avance de la pandemia del covid-19.<\/span><span data-ccp-props=\"{&quot;201341983&quot;:0,&quot;335551550&quot;:6,&quot;335551620&quot;:6,&quot;335559739&quot;:160,&quot;335559740&quot;:259}\">\u00a0<\/span><\/p>\n<p><span data-contrast=\"auto\">\u201cHoy d\u00eda hemos puesto el \u00e9nfasis<\/span><span data-contrast=\"auto\">,<\/span><span data-contrast=\"auto\">\u00a0sobre todo en las medidas que deben tener los trabajadores en nuestros hogares para ayudar a disminuir el avance de esta pandemia<\/span><span data-contrast=\"auto\">.<\/span><span data-contrast=\"auto\">\u00a0<\/span><span data-contrast=\"auto\">N<\/span><span data-contrast=\"auto\">osotros entendemos que la gran cantidad de casos que se presentan en nuestra regi\u00f3n en la miner\u00eda no est\u00e1n\u00a0<\/span><span data-contrast=\"auto\">directamente relacionados<\/span><span data-contrast=\"auto\">\u00a0con el quehacer de la miner\u00eda<\/span><span data-contrast=\"auto\">,<\/span><span data-contrast=\"auto\">\u00a0sino que han sido casos que se han presentado en los hogares de los trabajadores<\/span><span data-contrast=\"auto\">,<\/span><span data-contrast=\"auto\">\u00a0por eso hacemos un llamado potente a que los trabajadores\u00a0<\/span><span data-contrast=\"auto\">observen<\/span><span data-contrast=\"auto\">\u00a0las medidas como el distanciamiento f\u00edsico, el constante lavado de manos y tambi\u00e9n\u00a0<\/span><span data-contrast=\"auto\">extremar\u00a0<\/span><span data-contrast=\"auto\">el<\/span><span data-contrast=\"auto\">\u00a0cuidado de la<\/span><span data-contrast=\"auto\">\u00a0higiene dentro de sus hogares\u201d, afirm\u00f3 el seremi\u00a0Alvayai.<\/span><span data-ccp-props=\"{&quot;201341983&quot;:0,&quot;335551550&quot;:6,&quot;335551620&quot;:6,&quot;335559739&quot;:160,&quot;335559740&quot;:259}\">\u00a0<\/span><\/p>\n<p><span data-contrast=\"auto\">L<\/span><span data-contrast=\"auto\">a<\/span><span data-contrast=\"auto\">\u00a0autoridad en miner\u00eda agreg\u00f3 que \u201cel segundo tema que tratamos tiene que ver con la seguridad minera propiamente tal<\/span><span data-contrast=\"auto\">,<\/span><span data-contrast=\"auto\">\u00a0sobre todo nos enfocamos en dos riesgos que para Sernageomin y para el ministerio so<\/span><span data-contrast=\"auto\">n\u00a0<\/span><span data-contrast=\"auto\">claves que se puedan difundir y que se instalen controles espec\u00edficos en las compa\u00f1\u00edas<\/span><span data-contrast=\"auto\">,<\/span><span data-contrast=\"auto\">\u00a0desde la peque\u00f1a a la\u00a0<\/span><span data-contrast=\"auto\">gran miner\u00eda<\/span><span data-contrast=\"auto\">.<\/span><span data-contrast=\"auto\">\u00a0<\/span><span data-contrast=\"auto\">Estas<\/span><span data-contrast=\"auto\">\u00a0son la ca\u00edda de distinto nivel y el segundo riesgo tiene que ver con\u00a0<\/span><span data-contrast=\"auto\">trabajadores<\/span><span data-contrast=\"auto\">\u00a0golpeado<\/span><span data-contrast=\"auto\">s<\/span><span data-contrast=\"auto\">\u00a0<\/span><span data-contrast=\"auto\">por<\/span><span data-contrast=\"auto\">\u00a0rocas dentro de la<\/span><span data-contrast=\"auto\">s<\/span><span data-contrast=\"auto\">\u00a0actividades mineras<\/span><span data-contrast=\"auto\">.<\/span><span data-contrast=\"auto\">\u00a0<\/span><span data-contrast=\"auto\">P<\/span><span data-contrast=\"auto\">udimos conversar con los trabajadores y poder mostrarle la importancia de tener protocolos para hacer controles y an\u00e1lisis de riesgo de la tarea que sean efectivos para evitar un desenlace fatal<\/span><span data-contrast=\"auto\">,<\/span><span data-contrast=\"auto\">\u00a0o tener un accidente grave\u201d.<\/span><span data-ccp-props=\"{&quot;201341983&quot;:0,&quot;335551550&quot;:6,&quot;335551620&quot;:6,&quot;335559739&quot;:160,&quot;335559740&quot;:259}\">\u00a0<\/span><\/p>\n<p><span data-contrast=\"auto\">La principal causa de muertes en accidentes mineros en la<\/span><span data-contrast=\"auto\">s<\/span><span data-contrast=\"auto\">\u00a0\u00faltima<\/span><span data-contrast=\"auto\">s<\/span><span data-contrast=\"auto\">\u00a0d\u00e9cada<\/span><span data-contrast=\"auto\">s<\/span><span data-contrast=\"auto\">\u00a0fueron las\u00a0<\/span><span data-contrast=\"auto\">provocadas<\/span><span data-contrast=\"auto\">\u00a0por golpes por rocas\u00a0<\/span><span data-contrast=\"auto\">(183 personas fallecidas entre 2000 al 2020<\/span><span data-contrast=\"auto\">), en tanto que la segunda causa es la ca\u00edda desde altura con 96 fallecimientos en 20 a\u00f1os.\u00a0<\/span><span data-ccp-props=\"{&quot;201341983&quot;:0,&quot;335551550&quot;:6,&quot;335551620&quot;:6,&quot;335559739&quot;:160,&quot;335559740&quot;:259}\">\u00a0<\/span><\/p>\n<p><b><span data-contrast=\"auto\">Compa\u00f1\u00eda Minera del Pac\u00edfico<\/span><\/b><span data-ccp-props=\"{&quot;201341983&quot;:0,&quot;335551550&quot;:6,&quot;335551620&quot;:6,&quot;335559739&quot;:160,&quot;335559740&quot;:259}\">\u00a0<\/span><\/p>\n<p><span data-contrast=\"auto\">Desde la compa\u00f1\u00eda, Adol<\/span><span data-contrast=\"auto\">ph<\/span><span data-contrast=\"auto\">\u00a0<\/span><span data-contrast=\"auto\">M<\/span><span data-contrast=\"auto\">\u00f6<\/span><span data-contrast=\"auto\">ller<\/span><span data-contrast=\"auto\">\u00a0subgerente de\u00a0<\/span><span data-contrast=\"auto\">o<\/span><span data-contrast=\"auto\">peraciones del valle de Copiap\u00f3, agradeci\u00f3 la visita del seremi<\/span><span data-contrast=\"auto\">,<\/span><span data-contrast=\"auto\">\u00a0quien\u00a0<\/span><span data-contrast=\"auto\">hizo un\u00a0<\/span><span data-contrast=\"auto\">refuerzo<\/span><span data-contrast=\"auto\">\u00a0<\/span><span data-contrast=\"auto\">a\u00a0<\/span><span data-contrast=\"auto\">las acciones<\/span><span data-contrast=\"auto\">\u00a0preventiva<\/span><span data-contrast=\"auto\">\u00a0que realiza la empresa\u00a0<\/span><span data-contrast=\"auto\">para evitar\u00a0<\/span><span data-contrast=\"auto\">el avance de la pandemia, adem\u00e1s de poner\u00a0<\/span><span data-contrast=\"auto\">una alerta en materia de accidentabilidad.<\/span><span data-ccp-props=\"{&quot;201341983&quot;:0,&quot;335551550&quot;:6,&quot;335551620&quot;:6,&quot;335559739&quot;:160,&quot;335559740&quot;:259}\">\u00a0<\/span><\/p>\n<p><span data-contrast=\"auto\">Al respecto\u00a0<\/span><span data-contrast=\"auto\">M<\/span><span data-contrast=\"auto\">\u00f6<\/span><span data-contrast=\"auto\">ller<\/span><span data-contrast=\"auto\">\u00a0<\/span><span data-contrast=\"auto\">destac\u00f3\u00a0<\/span><span data-contrast=\"auto\">que el seremi \u201cn<\/span><span data-contrast=\"auto\">os dio cifras y datos relevantes que nos van a permitir poner focos en algunas actividades que tenemos presentes en nuestros procesos<\/span><span data-contrast=\"auto\">,<\/span><span data-contrast=\"auto\">\u00a0como el desprendimiento de rocas y el trabajo en altura as\u00ed que el seremi<\/span><span data-contrast=\"auto\">. N<\/span><span data-contrast=\"auto\">os vamos con algunos compromisos internos y agradecer estos mensajes y espacios donde tenemos la posibilidad de detener por algunos instantes nuestras actividades\u00a0<\/span><span data-contrast=\"auto\">para<\/span><span data-contrast=\"auto\">\u00a0convocar a nuestros trabajadores y trabajadoras<\/span><span data-contrast=\"auto\">,<\/span><span data-contrast=\"auto\">\u00a0<\/span><span data-contrast=\"auto\">tanto de CMP como de empresas colaboradoras<\/span><span data-contrast=\"auto\">, para\u00a0<\/span><span data-contrast=\"auto\">que sean participes de esta iniciativa que no buscan otra cosa m\u00e1s que cuidarnos<\/span><span data-contrast=\"auto\">\u201d.<\/span><span data-ccp-props=\"{&quot;201341983&quot;:0,&quot;335551550&quot;:6,&quot;335551620&quot;:6,&quot;335559739&quot;:160,&quot;335559740&quot;:259}\">\u00a0<\/span><\/p>\n<p><span data-contrast=\"auto\">El gerente agreg\u00f3 que<\/span><span data-contrast=\"auto\">\u00a0la empresa tiene un plan de vacunaci\u00f3n para sus trabajadores.<\/span><span data-contrast=\"auto\">\u00a0\u201c<\/span><span data-contrast=\"auto\">P<\/span><span data-contrast=\"auto\">artimos esta semana con un plan comunicacional que nos va a llevar a abarcar a todo nuestro grupo objetivo que est\u00e1 definido por el ministerio<\/span><span data-contrast=\"auto\">. A<\/span><span data-contrast=\"auto\">parte del plan de vacunaci\u00f3n hemos implementado hace varias semanas controles adicionales a los que ya ven\u00edamos haciendo<\/span><span data-contrast=\"auto\">,<\/span><span data-contrast=\"auto\">\u00a0esto en funci\u00f3n de la din\u00e1mica que ha tenido el comportamiento de la pandemia en Chile como en la regi\u00f3n<\/span><span data-contrast=\"auto\">,<\/span><span data-contrast=\"auto\">\u00a0por lo tanto<\/span><span data-contrast=\"auto\">,<\/span><span data-contrast=\"auto\">\u00a0en nuestra compa\u00f1\u00eda estamos trabajando a full en nuestra<\/span><span data-contrast=\"auto\">s<\/span><span data-contrast=\"auto\">\u00a0campa\u00f1as con nuestra epidemi\u00f3loga<\/span><span data-contrast=\"auto\">:<\/span><span data-contrast=\"auto\">\u00a0estamos implementado testeos masivos de control de ant\u00edgenos, ya llevamos cerca de un 20<\/span><span data-contrast=\"auto\">%<\/span><span data-contrast=\"auto\">\u00a0de nuestra poblaci\u00f3n vacunada<\/span><span data-contrast=\"auto\">,<\/span><span data-contrast=\"auto\">\u00a0p<\/span><span data-contrast=\"auto\">ero<\/span><span data-contrast=\"auto\">\u00a0nos falta y por ello estamos implementando este plan intensivo de vacunaci\u00f3n<\/span><span data-contrast=\"auto\">\u201d<\/span><span data-contrast=\"auto\">.\u00a0<\/span><span data-ccp-props=\"{&quot;201341983&quot;:0,&quot;335551550&quot;:6,&quot;335551620&quot;:6,&quot;335559739&quot;:160,&quot;335559740&quot;:259}\">\u00a0<\/span><\/p>\n<p><span data-contrast=\"auto\">La empresa mantiene<\/span><span data-contrast=\"auto\">\u00a0una dotaci\u00f3n de trabajo bajo el 70% al interior de la faena<\/span><span data-contrast=\"auto\">, aunque viene impulsando que nuevos cargos realicen teletrabajo, medida que se suma a la reciente campa\u00f1a de vacunaci\u00f3n<\/span><span data-contrast=\"auto\">\u00a0como f<\/span><span data-contrast=\"auto\">ocos<\/span><span data-contrast=\"auto\">\u00a0en la lucha por impedir el avance del covid-19<\/span><span data-contrast=\"auto\">.<\/span><span data-ccp-props=\"{&quot;201341983&quot;:0,&quot;335551550&quot;:6,&quot;335551620&quot;:6,&quot;335559739&quot;:160,&quot;335559740&quot;:259}\">\u00a0<\/span><\/p>\n","protected":false},"excerpt":{"rendered":"<p>Adem\u00e1s de reforzar las campa\u00f1as que realiza la empresa para enfrentar la pandemia al\u00a0interior\u00a0de su faena, la autoridad se refiri\u00f3 a los accidentes por\u00a0golpe\u00a0de roca&hellip; <\/p>\n","protected":false},"author":2,"featured_media":38507,"comment_status":"open","ping_status":"closed","sticky":false,"template":"","format":"standard","meta":{"footnotes":""},"categories":[38],"tags":[],"class_list":["post-38506","post","type-post","status-publish","format-standard","has-post-thumbnail","hentry","category-portada-regional"],"_links":{"self":[{"href":"https:\/\/www.radioamigavallenar.cl\/index.php?rest_route=\/wp\/v2\/posts\/38506","targetHints":{"allow":["GET"]}}],"collection":[{"href":"https:\/\/www.radioamigavallenar.cl\/index.php?rest_route=\/wp\/v2\/posts"}],"about":[{"href":"https:\/\/www.radioamigavallenar.cl\/index.php?rest_route=\/wp\/v2\/types\/post"}],"author":[{"embeddable":true,"href":"https:\/\/www.radioamigavallenar.cl\/index.php?rest_route=\/wp\/v2\/users\/2"}],"replies":[{"embeddable":true,"href":"https:\/\/www.radioamigavallenar.cl\/index.php?rest_route=%2Fwp%2Fv2%2Fcomments&post=38506"}],"version-history":[{"count":1,"href":"https:\/\/www.radioamigavallenar.cl\/index.php?rest_route=\/wp\/v2\/posts\/38506\/revisions"}],"predecessor-version":[{"id":38508,"href":"https:\/\/www.radioamigavallenar.cl\/index.php?rest_route=\/wp\/v2\/posts\/38506\/revisions\/38508"}],"wp:featuredmedia":[{"embeddable":true,"href":"https:\/\/www.radioamigavallenar.cl\/index.php?rest_route=\/wp\/v2\/media\/38507"}],"wp:attachment":[{"href":"https:\/\/www.radioamigavallenar.cl\/index.php?rest_route=%2Fwp%2Fv2%2Fmedia&parent=38506"}],"wp:term":[{"taxonomy":"category","embeddable":true,"href":"https:\/\/www.radioamigavallenar.cl\/index.php?rest_route=%2Fwp%2Fv2%2Fcategories&post=38506"},{"taxonomy":"post_tag","embeddable":true,"href":"https:\/\/www.radioamigavallenar.cl\/index.php?rest_route=%2Fwp%2Fv2%2Ftags&post=38506"}],"curies":[{"name":"wp","href":"https:\/\/api.w.org\/{rel}","templated":true}]}}