{"id":38503,"date":"2021-04-20T09:09:51","date_gmt":"2021-04-20T13:09:51","guid":{"rendered":"https:\/\/www.radioamigavallenar.cl\/?p=38503"},"modified":"2021-04-20T09:09:51","modified_gmt":"2021-04-20T13:09:51","slug":"la-directora-regional-de-servel-maria-isabel-baron-cailly-informa-sobre-para-las-proximas-elecciones-del-15-y-16-de-mayo-2021","status":"publish","type":"post","link":"https:\/\/www.radioamigavallenar.cl\/?p=38503","title":{"rendered":"La Directora Regional de servel Mar\u00eda Isabel Bar\u00f3n Cailly, informa sobre para las pr\u00f3ximas Elecciones del 15 y 16 de mayo 2021"},"content":{"rendered":"<p>Facs\u00edmiles de las cedulas de votaci\u00f3n est\u00e1n disponible en la p\u00e1g. Web.<\/p>\n<p>La Directora Regional Mar\u00eda Isabel Bar\u00f3n Cailly, se\u00f1al\u00f3 que, para las pr\u00f3ximas Elecciones a realizarse a nivel nacional el 15 y 16 de mayo 2021, cada elector recibir\u00e1 cuatro (4) c\u00e9dulas de votaci\u00f3n y ellas de diferentes colores seg\u00fan se indica:<\/p>\n<p>-CONVENCIONALES CONSTITUYENTES GENERALES: color beige.<\/p>\n<p>-CONVENCIONALES CONSTITUYENTES PUEBLOS IND\u00cdGENAS (s\u00f3lo para electores ind\u00edgenas que escojan votar por representantes de su pueblo): color verde.<\/p>\n<p>-GOBERNADOR REGIONAL: color naranja.<\/p>\n<p>-ALCALDE COLOR: color celeste.<\/p>\n<p>-CONCEJALES: color blanco.<\/p>\n<p>Cabe se\u00f1alar que en esta oportunidad el Servicio Electoral public\u00f3 en la p\u00e1g. web del Servel los facs\u00edmiles de las 744 cedulas de votaci\u00f3n que estar\u00e1n disponibles para el d\u00eda de la Elecci\u00f3n a nivel pa\u00eds, los cuales se encuentran disponible los facs\u00edmiles de la cedulas de votaci\u00f3n de los respectivos candidatos de la Regi\u00f3n; en el link elecciones2021.servel.cl\/cedulas-electorales-abril-2021\/.<\/p>\n<p>Por lo que es de suma importancia que cada elector conozca anticipadamente a su candidato o candidata y as\u00ed vote de forma r\u00e1pida y segura. Para ello, Servel ha dispuesto de una plataforma donde solo con ingresar su RUN accede a los listados de candidatos para cada elecci\u00f3n; link consulta-candidato.servel.cl\/.<\/p>\n<p>Debido a que varias comunas de la Regi\u00f3n se encuentran en cuarentena y poder facilitar el tr\u00e1mite de consulta, el elector se puede comunicar a trav\u00e9s de las siguientes v\u00edas:<\/p>\n<p>Email Direcci\u00f3n Regional Atacama partes03@servel.cl<\/p>\n<p>Fono 52-2216541 (horario de atenci\u00f3n de 10:00 a 14:00 horas)<\/p>\n<p>Call Center 600 6000 166 Desde el extranjero: +56 229153265 Horario de atenci\u00f3n: de lunes a domingo de 8:00 a 20:00 horas.<\/p>\n<p>Redes sociales Twitter &#8211; Facebook &#8211; Instagram<\/p>\n<p>COPIAPO, ABRIL 2021<\/p>\n<p style=\"text-align: center;\"><strong>MARIA ISABEL BAR\u00d3N CAILLY<\/strong><\/p>\n<p style=\"text-align: center;\"><strong>DIRECTORA REGIONAL<\/strong><\/p>\n<p style=\"text-align: center;\"><strong>SERVEL REGION ATACAMA<\/strong><\/p>\n","protected":false},"excerpt":{"rendered":"<p>Facs\u00edmiles de las cedulas de votaci\u00f3n est\u00e1n disponible en la p\u00e1g. Web. La Directora Regional Mar\u00eda Isabel Bar\u00f3n Cailly, se\u00f1al\u00f3 que, para las pr\u00f3ximas Elecciones&hellip; <\/p>\n","protected":false},"author":2,"featured_media":24285,"comment_status":"open","ping_status":"closed","sticky":false,"template":"","format":"standard","meta":{"footnotes":""},"categories":[38],"tags":[],"class_list":["post-38503","post","type-post","status-publish","format-standard","has-post-thumbnail","hentry","category-portada-regional"],"_links":{"self":[{"href":"https:\/\/www.radioamigavallenar.cl\/index.php?rest_route=\/wp\/v2\/posts\/38503","targetHints":{"allow":["GET"]}}],"collection":[{"href":"https:\/\/www.radioamigavallenar.cl\/index.php?rest_route=\/wp\/v2\/posts"}],"about":[{"href":"https:\/\/www.radioamigavallenar.cl\/index.php?rest_route=\/wp\/v2\/types\/post"}],"author":[{"embeddable":true,"href":"https:\/\/www.radioamigavallenar.cl\/index.php?rest_route=\/wp\/v2\/users\/2"}],"replies":[{"embeddable":true,"href":"https:\/\/www.radioamigavallenar.cl\/index.php?rest_route=%2Fwp%2Fv2%2Fcomments&post=38503"}],"version-history":[{"count":1,"href":"https:\/\/www.radioamigavallenar.cl\/index.php?rest_route=\/wp\/v2\/posts\/38503\/revisions"}],"predecessor-version":[{"id":38504,"href":"https:\/\/www.radioamigavallenar.cl\/index.php?rest_route=\/wp\/v2\/posts\/38503\/revisions\/38504"}],"wp:featuredmedia":[{"embeddable":true,"href":"https:\/\/www.radioamigavallenar.cl\/index.php?rest_route=\/wp\/v2\/media\/24285"}],"wp:attachment":[{"href":"https:\/\/www.radioamigavallenar.cl\/index.php?rest_route=%2Fwp%2Fv2%2Fmedia&parent=38503"}],"wp:term":[{"taxonomy":"category","embeddable":true,"href":"https:\/\/www.radioamigavallenar.cl\/index.php?rest_route=%2Fwp%2Fv2%2Fcategories&post=38503"},{"taxonomy":"post_tag","embeddable":true,"href":"https:\/\/www.radioamigavallenar.cl\/index.php?rest_route=%2Fwp%2Fv2%2Ftags&post=38503"}],"curies":[{"name":"wp","href":"https:\/\/api.w.org\/{rel}","templated":true}]}}