{"id":3822,"date":"2017-02-06T18:57:02","date_gmt":"2017-02-06T21:57:02","guid":{"rendered":"http:\/\/www.radioamigavallenar.cl\/?p=3822"},"modified":"2017-02-06T18:57:02","modified_gmt":"2017-02-06T21:57:02","slug":"basquetbol-juvenil-vallenar-es-el-monarca-de-la-copa-ciudad-de-vallenar","status":"publish","type":"post","link":"https:\/\/www.radioamigavallenar.cl\/?p=3822","title":{"rendered":"Basquetbol juvenil: Vallenar es el monarca de la copa \u00abCiudad de Vallenar\u00bb"},"content":{"rendered":"<p style=\"text-align: justify;\"><a href=\"http:\/\/www.radioamigavallenar.cl\/wp-content\/uploads\/2017\/02\/Final-del-Campeonato.jpg\"><img loading=\"lazy\" decoding=\"async\" class=\" size-medium wp-image-3823 aligncenter\" src=\"http:\/\/www.radioamigavallenar.cl\/wp-content\/uploads\/2017\/02\/Final-del-Campeonato-300x225.jpg\" alt=\"Final del Campeonato\" width=\"300\" height=\"225\" srcset=\"https:\/\/www.radioamigavallenar.cl\/wp-content\/uploads\/2017\/02\/Final-del-Campeonato-300x225.jpg 300w, https:\/\/www.radioamigavallenar.cl\/wp-content\/uploads\/2017\/02\/Final-del-Campeonato.jpg 700w\" sizes=\"auto, (max-width: 300px) 100vw, 300px\" \/><\/a><\/p>\n<p style=\"text-align: justify;\">Luego de una infartante final entre Vallenar y Villa Moderna de Vi\u00f1a del Mar, el equipo local se coron\u00f3 campe\u00f3n de la Copa Ciudad de Vallenar 2017, luego de tres d\u00edas de competencias todos contra todos, donde participaron Vi\u00f1a del Mar, Villa Alemana, Santiago y Vallenar.<\/p>\n<p style=\"text-align: justify;\">El Campeonato de B\u00e1squetbol se realiz\u00f3 en el Polideportivo Vallenar, donde j\u00f3venes, ni\u00f1os y familias amantes del baloncesto llegaron para apoyar el equipo local, quien logr\u00f3 derrotar en la final por 50 tantos, contra 49 de Villa Moderna de Vi\u00f1a del Mar, qued\u00e1ndose este \u00faltimo, con el segundo lugar del campeonato.<\/p>\n<p style=\"text-align: justify;\">\u201cEn primer lugar agradecer a todo el mundo, a la municipalidad, a toda la gente que nos apoy\u00f3 y bueno en cuanto al resultado tremendamente contento porque el equipo de Vi\u00f1a del Mar, Villa Moderna es un equipo que est\u00e1 jugando Libcentro, muchos campeonatos en la zona central y Francisco su entrenador lo conozco de mucho tiempo y sab\u00eda que me la iba a poner dif\u00edcil ac\u00e1 en Vallenar porque el a\u00f1o pasado ya me hab\u00eda ganado y hab\u00edamos estado as\u00ed y yo creo que este a\u00f1o logramos quedarnos con el triunfo gracias al esfuerzo de estos chicos\u201d, coment\u00f3 Carlos Olivares, entrenador del equipo campe\u00f3n.<\/p>\n<p style=\"text-align: justify;\"><strong>OTROS RESULTADOS<\/strong><\/p>\n<p style=\"text-align: justify;\">El tercer lugar se lo llev\u00f3 Nacional de Villa Alemana, quien derrot\u00f3 por 63 tantos contra 44 de Cubax Chile de Santiago. Adem\u00e1s, como mejor jugador sali\u00f3 elegido Mat\u00edas Esquivel y como goleador del campeonato, Paolo Olivares, ambos del equipo de Vallenar.<\/p>\n<p style=\"text-align: justify;\">\u201cLogramos sacar seg\u00fan la gente que estuvo eligiendo, sacamos el mejor jugador, que fue un jugador que siempre ha jugado por nosotros, por nuestro equipo de Vallenar, siempre ha estado en nacionales como es Mat\u00edas Esquivel y el goleador del campeonato, un tremendo abrazo a Paolo Olivares que es mi hijo, yo creo que es una doble satisfacci\u00f3n y bueno, agradecer a mi hija que vino desde la Quinta Regi\u00f3n desde Vi\u00f1a del Mar para poder ayudarme, ella sabe c\u00f3mo trabajo yo y la verdad que ella est\u00e1 pr\u00f3xima a seguirme los pasos\u201d, agreg\u00f3 el entrenador.<\/p>\n","protected":false},"excerpt":{"rendered":"<p>Luego de una infartante final entre Vallenar y Villa Moderna de Vi\u00f1a del Mar, el equipo local se coron\u00f3 campe\u00f3n de la Copa Ciudad de&hellip; <\/p>\n","protected":false},"author":2,"featured_media":3823,"comment_status":"open","ping_status":"closed","sticky":false,"template":"","format":"standard","meta":{"footnotes":""},"categories":[8],"tags":[],"class_list":["post-3822","post","type-post","status-publish","format-standard","has-post-thumbnail","hentry","category-deportes"],"_links":{"self":[{"href":"https:\/\/www.radioamigavallenar.cl\/index.php?rest_route=\/wp\/v2\/posts\/3822","targetHints":{"allow":["GET"]}}],"collection":[{"href":"https:\/\/www.radioamigavallenar.cl\/index.php?rest_route=\/wp\/v2\/posts"}],"about":[{"href":"https:\/\/www.radioamigavallenar.cl\/index.php?rest_route=\/wp\/v2\/types\/post"}],"author":[{"embeddable":true,"href":"https:\/\/www.radioamigavallenar.cl\/index.php?rest_route=\/wp\/v2\/users\/2"}],"replies":[{"embeddable":true,"href":"https:\/\/www.radioamigavallenar.cl\/index.php?rest_route=%2Fwp%2Fv2%2Fcomments&post=3822"}],"version-history":[{"count":0,"href":"https:\/\/www.radioamigavallenar.cl\/index.php?rest_route=\/wp\/v2\/posts\/3822\/revisions"}],"wp:featuredmedia":[{"embeddable":true,"href":"https:\/\/www.radioamigavallenar.cl\/index.php?rest_route=\/wp\/v2\/media\/3823"}],"wp:attachment":[{"href":"https:\/\/www.radioamigavallenar.cl\/index.php?rest_route=%2Fwp%2Fv2%2Fmedia&parent=3822"}],"wp:term":[{"taxonomy":"category","embeddable":true,"href":"https:\/\/www.radioamigavallenar.cl\/index.php?rest_route=%2Fwp%2Fv2%2Fcategories&post=3822"},{"taxonomy":"post_tag","embeddable":true,"href":"https:\/\/www.radioamigavallenar.cl\/index.php?rest_route=%2Fwp%2Fv2%2Ftags&post=3822"}],"curies":[{"name":"wp","href":"https:\/\/api.w.org\/{rel}","templated":true}]}}