{"id":38207,"date":"2021-04-13T10:00:49","date_gmt":"2021-04-13T14:00:49","guid":{"rendered":"https:\/\/www.radioamigavallenar.cl\/?p=38207"},"modified":"2021-04-13T10:00:49","modified_gmt":"2021-04-13T14:00:49","slug":"unidad-sacfi-de-la-fiscalia-capacito-a-carabineros-previo-al-inicio-de-sus-turnos-en-copiapo","status":"publish","type":"post","link":"https:\/\/www.radioamigavallenar.cl\/?p=38207","title":{"rendered":"Unidad Sacfi de la Fiscal\u00eda capacit\u00f3 a Carabineros previo al inicio de sus turnos en Copiap\u00f3"},"content":{"rendered":"<p>Con el objetivo de mantener la comunicaci\u00f3n expedita y directa, adem\u00e1s de estandarizar criterios de actuaci\u00f3n. Fiscales de la Unidad de An\u00e1lisis Criminal y Focos Investigativos de la Fiscal\u00eda de Atacama, se reunieron con funcionarios de Carabineros de la Segunda Comisar\u00eda al inicio de sus turnos de trabajo previo a salida a terreno.<\/p>\n<p>Estas capacitaciones estuvieron a cargo de la fiscal Paula Barrueto y el fiscal Ren\u00e1n Gallardo, quienes comentaron la importancia de que los funcionarios que est\u00e1n en la calle, y que son los primeros en tomar conocimiento de los delitos que se denuncian, est\u00e9n en permanente contacto con el fiscal de turno. Adem\u00e1s de reiterar que existe un manual de primeras diligencias para ciertas categor\u00edas de delitos que buscan una agilizaci\u00f3n en el procedimiento.<\/p>\n<p>\u201cEl objetivo de estos encuentros busc\u00f3 adem\u00e1s aclarar las dudas que los funcionarios que salen a la poblaci\u00f3n pudieran tener respecto a aspectos de su labor diaria, las que fueron respondidas en el instante. La idea es que el contacto entre fiscales y carabineros sea permanente, cuesti\u00f3n que deriva en procedimientos con informaci\u00f3n de calidad que ayuda a la persecuci\u00f3n penal de los delitos\u201d, dijo la fiscal Barrueto.<\/p>\n<p>Por su parte, el fiscal Ren\u00e1n Gallardo agreg\u00f3 que parte de las exposiciones estuvieron referidas al art\u00edculo 318 del c\u00f3digo penal, relacionado con las infracciones que la comunidad puede cometer con motivo de la situaci\u00f3n sanitaria que vive el pa\u00eds y la regi\u00f3n. \u201cJunto con ello, se entreg\u00f3 informaci\u00f3n del procedimiento de levantamiento de evidencia en sitios del suceso. Adem\u00e1s, de reiterar que ante denuncias en flagrancia es muy relevante que el parte policial contenga toda la informaci\u00f3n de las v\u00edctimas, especialmente aquella que permita tomar contacto con ella en las distintas etapas de la investigaci\u00f3n\u201d, digo Gallardo.<\/p>\n<p>Los encuentros fueron bien evaluados por los participantes y se continuar\u00e1n realizando de acuerdo a nuevas tem\u00e1ticas de persecuci\u00f3n penal.<\/p>\n","protected":false},"excerpt":{"rendered":"<p>Con el objetivo de mantener la comunicaci\u00f3n expedita y directa, adem\u00e1s de estandarizar criterios de actuaci\u00f3n. Fiscales de la Unidad de An\u00e1lisis Criminal y Focos&hellip; <\/p>\n","protected":false},"author":2,"featured_media":38208,"comment_status":"open","ping_status":"closed","sticky":false,"template":"","format":"standard","meta":{"footnotes":""},"categories":[38],"tags":[],"class_list":["post-38207","post","type-post","status-publish","format-standard","has-post-thumbnail","hentry","category-portada-regional"],"_links":{"self":[{"href":"https:\/\/www.radioamigavallenar.cl\/index.php?rest_route=\/wp\/v2\/posts\/38207","targetHints":{"allow":["GET"]}}],"collection":[{"href":"https:\/\/www.radioamigavallenar.cl\/index.php?rest_route=\/wp\/v2\/posts"}],"about":[{"href":"https:\/\/www.radioamigavallenar.cl\/index.php?rest_route=\/wp\/v2\/types\/post"}],"author":[{"embeddable":true,"href":"https:\/\/www.radioamigavallenar.cl\/index.php?rest_route=\/wp\/v2\/users\/2"}],"replies":[{"embeddable":true,"href":"https:\/\/www.radioamigavallenar.cl\/index.php?rest_route=%2Fwp%2Fv2%2Fcomments&post=38207"}],"version-history":[{"count":1,"href":"https:\/\/www.radioamigavallenar.cl\/index.php?rest_route=\/wp\/v2\/posts\/38207\/revisions"}],"predecessor-version":[{"id":38209,"href":"https:\/\/www.radioamigavallenar.cl\/index.php?rest_route=\/wp\/v2\/posts\/38207\/revisions\/38209"}],"wp:featuredmedia":[{"embeddable":true,"href":"https:\/\/www.radioamigavallenar.cl\/index.php?rest_route=\/wp\/v2\/media\/38208"}],"wp:attachment":[{"href":"https:\/\/www.radioamigavallenar.cl\/index.php?rest_route=%2Fwp%2Fv2%2Fmedia&parent=38207"}],"wp:term":[{"taxonomy":"category","embeddable":true,"href":"https:\/\/www.radioamigavallenar.cl\/index.php?rest_route=%2Fwp%2Fv2%2Fcategories&post=38207"},{"taxonomy":"post_tag","embeddable":true,"href":"https:\/\/www.radioamigavallenar.cl\/index.php?rest_route=%2Fwp%2Fv2%2Ftags&post=38207"}],"curies":[{"name":"wp","href":"https:\/\/api.w.org\/{rel}","templated":true}]}}