{"id":38058,"date":"2021-04-09T09:52:14","date_gmt":"2021-04-09T13:52:14","guid":{"rendered":"https:\/\/www.radioamigavallenar.cl\/?p=38058"},"modified":"2021-04-09T09:52:14","modified_gmt":"2021-04-09T13:52:14","slug":"actores-publicos-y-privados-se-reunieron-en-torno-a-los-nuevos-desafios-de-la-ley-de-eficiencia-energetica-para-el-sector-industrial-y-minero","status":"publish","type":"post","link":"https:\/\/www.radioamigavallenar.cl\/?p=38058","title":{"rendered":"Actores p\u00fablicos y privados se reunieron en torno a los nuevos desaf\u00edos de la Ley de Eficiencia Energ\u00e9tica para el sector industrial y minero"},"content":{"rendered":"<p class=\"x_MsoListParagraph\"><b><span lang=\"ES-TRAD\">M\u00e1s de 300 personas participaron de este encuentro impulsado por el Ministerio de Energ\u00eda en conjunto con SOFOFA, Anesco Chile, el Consejo Minero y la Agencia de Sostenibilidad Energ\u00e9tica.<\/span><\/b><\/p>\n<p class=\"x_MsoNormal\">Una alta y activa participaci\u00f3n tuvo el encuentro denominado \u201cLey de Eficiencia Energ\u00e9tica y Sistemas de Gesti\u00f3n de la Energ\u00eda\u201d, iniciativa impulsada por el Ministerio de Energ\u00eda, SOFOFA -desde su Centro de Medio Ambiente y Energ\u00eda- Anesco Chile, el Consejo Minero y la Agencia de Sostenibilidad Energ\u00e9tica (AgenciaSE), con el objetivo de revisar los principales aspectos de la nueva ley y su aplicaci\u00f3n en el sector productivo.<\/p>\n<p class=\"x_MsoNormal\">En la inauguraci\u00f3n del evento, el subsecretario de Energ\u00eda, Francisco L\u00f3pez destac\u00f3 que la Ley de Eficiencia Energ\u00e9tica tiene por objetivo promover el uso racional y eficiente de los recursos energ\u00e9ticos, fomentando mejoras en la productividad y competitividad, mejorando la calidad de vida, y contribuyendo al desarrollo sostenible del pa\u00eds. \u201cSe espera que la aplicaci\u00f3n de esta ley permitir\u00e1, al a\u00f1o 2030, una reducci\u00f3n de intensidad energ\u00e9tica de 10%, un ahorro acumulado de US$15.200 millones y una reducci\u00f3n de 28,6 millones Toneladas de CO2\u201d, indic\u00f3 la autoridad, destacando adem\u00e1s que la ley establece que los grandes consumidores de energ\u00eda, que representan m\u00e1s de un tercio de la energ\u00eda consumida en el pa\u00eds, deber\u00e1n realizar una gesti\u00f3n activa de su energ\u00eda.<\/p>\n<p class=\"x_MsoNormal\">Por su parte, el Director del Centro de Medio Ambiente de SOFOFA, Jorge C\u00e1ceres, indic\u00f3 que \u00abhay muchas empresas que se han adelantado a la Ley de Eficiencia Energ\u00e9tica y ya han implementado sistemas de gesti\u00f3n de la energ\u00eda, con ahorros significativos, mayores a los inicialmente previstos. Nuestra expectativa es que la ley no sea percibida s\u00f3lo como una exigencia, sino como un conjunto de incentivos para poder materializar la eficiencia energ\u00e9tica en las compa\u00f1\u00edas, con los beneficios adicionales de descontaminaci\u00f3n de alcance local y global que ello conlleva\u00bb.<\/p>\n<p class=\"x_MsoNormal\">M\u00f3nica Gazmuri, gerente de Anesco Chile A.G., se refiri\u00f3 a la oferta gremial de servicios relacionados a EE, autoconsumo, modelo ESCO, SGE y su vanguardia de implementaci\u00f3n en Chile. Destac\u00f3 el compromiso por dar certeza al mercado y a las personas, por lo que, sumado a la capacidad t\u00e9cnica, el gremio ha trabajado muy fuerte por los valores de \u00e9tica profesional, libre competencia y transparencia.<\/p>\n<p class=\"x_MsoNormal\">Agradeci\u00f3 el compromiso y la participaci\u00f3n de SOFOFA y del Consejo Minero en este evento de difusi\u00f3n de los SGE, dado que \u201cel poder y liderazgo que tendr\u00e1n las grandes empresas es muy relevante para el pa\u00eds para hacer frente al cambio clim\u00e1tico y reducir emisiones. Esperamos quede plasmado en mejoras de sus procesos y en cifras en sus reportes de sustentabilidad a fin de cada a\u00f1o\u201d.<\/p>\n<p class=\"x_MsoNormal\">Cerrando la ronda inaugural, Ignacio Santelices, director ejecutivo de la Agencia de Sostenibilidad Energ\u00e9tica, enfatiz\u00f3 que \u201clos sistemas de gesti\u00f3n de energ\u00eda a trav\u00e9s del impulso de la Ley de EE, permitir\u00e1n levantar las barreras que existen para que la eficiencia energ\u00e9tica se desarrolle en el sector productivo, mejorando su competitividad y reduciendo las emisiones. Desde la AgenciaSE, queremos acelerar la implementaci\u00f3n de la ley a trav\u00e9s de nuestras l\u00edneas de cofinanciamiento, a las que invitamos a todas las empresas\u201d.<\/p>\n<p class=\"x_MsoNormal\">Durante este encuentro Gabriel Prudencio, jefe de la Divisi\u00f3n de Energ\u00edas Sostenibles del Ministerio de Energ\u00eda, expuso los principales lineamientos de la Ley de Eficiencia Energ\u00e9tica con foco en el sector productivo, y se presentaron tres casos de \u00e9xito a cargo de las empresas CMPC, Antofagasta Minerals y Negawatt.<\/p>\n<p class=\"x_MsoNormal\">Al finalizar el seminario se realiz\u00f3 el lanzamiento del Concurso de Implementaci\u00f3n y Certificaci\u00f3n de Sistemas de Gesti\u00f3n de Energ\u00eda 2021 de la AgenciaSE y el Ministerio de Energ\u00eda, el cual entrega montos de cofinanciamiento de entre 8 y 10 millones de pesos a empresas interesadas en avanzar en esta materia, que ser\u00e1 una de las principales exigencias para los grandes consumidores de energ\u00eda en el pa\u00eds, una vez que entre en vigencia la nueva Ley de Eficiencia Energ\u00e9tica.<\/p>\n","protected":false},"excerpt":{"rendered":"<p>M\u00e1s de 300 personas participaron de este encuentro impulsado por el Ministerio de Energ\u00eda en conjunto con SOFOFA, Anesco Chile, el Consejo Minero y la&hellip; <\/p>\n","protected":false},"author":2,"featured_media":38059,"comment_status":"open","ping_status":"closed","sticky":false,"template":"","format":"standard","meta":{"footnotes":""},"categories":[37],"tags":[],"class_list":["post-38058","post","type-post","status-publish","format-standard","has-post-thumbnail","hentry","category-nacional"],"_links":{"self":[{"href":"https:\/\/www.radioamigavallenar.cl\/index.php?rest_route=\/wp\/v2\/posts\/38058","targetHints":{"allow":["GET"]}}],"collection":[{"href":"https:\/\/www.radioamigavallenar.cl\/index.php?rest_route=\/wp\/v2\/posts"}],"about":[{"href":"https:\/\/www.radioamigavallenar.cl\/index.php?rest_route=\/wp\/v2\/types\/post"}],"author":[{"embeddable":true,"href":"https:\/\/www.radioamigavallenar.cl\/index.php?rest_route=\/wp\/v2\/users\/2"}],"replies":[{"embeddable":true,"href":"https:\/\/www.radioamigavallenar.cl\/index.php?rest_route=%2Fwp%2Fv2%2Fcomments&post=38058"}],"version-history":[{"count":1,"href":"https:\/\/www.radioamigavallenar.cl\/index.php?rest_route=\/wp\/v2\/posts\/38058\/revisions"}],"predecessor-version":[{"id":38060,"href":"https:\/\/www.radioamigavallenar.cl\/index.php?rest_route=\/wp\/v2\/posts\/38058\/revisions\/38060"}],"wp:featuredmedia":[{"embeddable":true,"href":"https:\/\/www.radioamigavallenar.cl\/index.php?rest_route=\/wp\/v2\/media\/38059"}],"wp:attachment":[{"href":"https:\/\/www.radioamigavallenar.cl\/index.php?rest_route=%2Fwp%2Fv2%2Fmedia&parent=38058"}],"wp:term":[{"taxonomy":"category","embeddable":true,"href":"https:\/\/www.radioamigavallenar.cl\/index.php?rest_route=%2Fwp%2Fv2%2Fcategories&post=38058"},{"taxonomy":"post_tag","embeddable":true,"href":"https:\/\/www.radioamigavallenar.cl\/index.php?rest_route=%2Fwp%2Fv2%2Ftags&post=38058"}],"curies":[{"name":"wp","href":"https:\/\/api.w.org\/{rel}","templated":true}]}}