{"id":38055,"date":"2021-04-09T09:49:45","date_gmt":"2021-04-09T13:49:45","guid":{"rendered":"https:\/\/www.radioamigavallenar.cl\/?p=38055"},"modified":"2021-04-09T09:49:45","modified_gmt":"2021-04-09T13:49:45","slug":"diputada-cicardini-indigna-que-el-presidente-y-cuarto-hombre-mas-rico-de-chile-se-oponga-al-impuesto-a-los-super-ricos","status":"publish","type":"post","link":"https:\/\/www.radioamigavallenar.cl\/?p=38055","title":{"rendered":"Diputada Cicardini: \u201cIndigna que el Presidente y cuarto hombre m\u00e1s rico de Chile se oponga al impuesto a los S\u00faper Ricos\u201d"},"content":{"rendered":"<p class=\"x_MsoNormal\">Como \u201cindignante\u201d calific\u00f3 la diputada (PS), Daniella Cicardini, que el Presidente de la Rep\u00fablica Sebasti\u00e1n Pi\u00f1era, se oponga al proyecto de impuesto transitorio a los S\u00faper Ricos\u201d por la emergencia sanitaria que se discute en la C\u00e1mara de Diputados y Diputadas; esto tras conocerse el ranking de la\u00a0Revista Forbes\u00a0que sit\u00faa al mandatario como la cuarta fortuna del pa\u00eds, habiendo incrementado su riqueza en 2020 de US$2,6 mil millones a US$2,9 mil millones.<\/p>\n<p class=\"x_MsoNormal\">La publicaci\u00f3n da cuenta adem\u00e1s, pese a la crisis por la pandemia, de un incremento respecto del a\u00f1o 2019 de un 73% en las riquezas de las familias m\u00e1s acaudaladas del pa\u00eds.<\/p>\n<p class=\"x_MsoNormal\">En esa l\u00ednea la diputada Daniella Cicardini fundament\u00f3 su critica en la solicitud de reserva de constitucionalidad realizada por el gobierno, la que eventualmente podr\u00eda impedir en el Tribunal Constitucional la implementaci\u00f3n del llamado \u201cimpuesto a los s\u00faper ricos\u201d; proyecto aprobado en general la en la Comisi\u00f3n de Constituci\u00f3n\u00a0de la C\u00e1mara.<\/p>\n<p class=\"x_MsoNormal\">La iniciativa busca establecer un tributo por \u00fanica vez equivalente al 2,5% del patrimonio de las fortunas iguales o superiores a los 22 millones de d\u00f3lares; con el objetivo de obtener recursos para una renta b\u00e1sica de emergencia por la pandemia.<\/p>\n<p class=\"x_MsoNormal\">Al respecto, la diputada Cicardini se\u00f1al\u00f3 que \u201ces indignante, es inmoral y es inaceptable que el Presidente Pi\u00f1era, que es el cuarto hombre m\u00e1s rico de Chile, sea juez y parte y se oponga al impuesto a los s\u00faper ricos del pa\u00eds, y le cuide as\u00ed el bolsillo a sus amigos millonarios y de paso su propio bolsillo\u201d.<\/p>\n<p class=\"x_MsoNormal\">\u201cEsto es precisamente lo que indigna a los chilenos y chilenas; tener un Presidente indolente y con tantos conflictos de inter\u00e9s; que aumenta su riqueza en la pandemia pero al mismo tiempo se opone al impuesto a los S\u00faper Ricos, que se opone al Royalty Minero; que no entrega ayuda universal y suficiente, y encima impide que la gente utilice sus propios recursos, amenazando con llevar al TC el Tercer Retiro de las AFP\u201d, fustig\u00f3.<\/p>\n<p class=\"x_MsoNormal\">Asimismo record\u00f3 que algunos c\u00e1lculos sit\u00faan por hasta 6 mil millones de d\u00f3lares el monto que podr\u00eda recaudar la propuesta para complementar las ayudas que hoy se entregan a las familias por la pandemia.<\/p>\n<p class=\"x_MsoNormal\">\u201cPor eso no se entiende que en esta cat\u00e1strofe que hoy tenemos, el gobierno y el Presidente, en vez de ayudarlos, les d\u00e9 un portazo y les cierre los caminos a los chilenos y chilenas que se han empobrecido en la pandemia, mientras \u00e9l no ha hecho m\u00e1s que aumentar su fortuna. La \u00fanica explicaci\u00f3n posible es la desconexi\u00f3n, la indolencia, y la protecci\u00f3n de sus propios intereses\u201d, se\u00f1al\u00f3 Cicardini.<\/p>\n<p class=\"x_MsoNormal\">En la misma l\u00ednea la parlamentaria por Atacama indic\u00f3 sobre el impuesto a las grandes fortunas que \u201cesta no es una obsesi\u00f3n de la izquierda o una medida inventada por la oposici\u00f3n; en estos mismos d\u00edas el Fondo Monetario Internacional sali\u00f3 a respaldar y recomendar este tipo de medidas para superar la crisis; y lo mismo han dicho expertos, como por ejemplo del Banco Mundial, sobre el tema del royalty minero\u201d, concluy\u00f3.<\/p>\n","protected":false},"excerpt":{"rendered":"<p>Como \u201cindignante\u201d calific\u00f3 la diputada (PS), Daniella Cicardini, que el Presidente de la Rep\u00fablica Sebasti\u00e1n Pi\u00f1era, se oponga al proyecto de impuesto transitorio a los&hellip; <\/p>\n","protected":false},"author":2,"featured_media":38056,"comment_status":"open","ping_status":"closed","sticky":false,"template":"","format":"standard","meta":{"footnotes":""},"categories":[38],"tags":[],"class_list":["post-38055","post","type-post","status-publish","format-standard","has-post-thumbnail","hentry","category-portada-regional"],"_links":{"self":[{"href":"https:\/\/www.radioamigavallenar.cl\/index.php?rest_route=\/wp\/v2\/posts\/38055","targetHints":{"allow":["GET"]}}],"collection":[{"href":"https:\/\/www.radioamigavallenar.cl\/index.php?rest_route=\/wp\/v2\/posts"}],"about":[{"href":"https:\/\/www.radioamigavallenar.cl\/index.php?rest_route=\/wp\/v2\/types\/post"}],"author":[{"embeddable":true,"href":"https:\/\/www.radioamigavallenar.cl\/index.php?rest_route=\/wp\/v2\/users\/2"}],"replies":[{"embeddable":true,"href":"https:\/\/www.radioamigavallenar.cl\/index.php?rest_route=%2Fwp%2Fv2%2Fcomments&post=38055"}],"version-history":[{"count":1,"href":"https:\/\/www.radioamigavallenar.cl\/index.php?rest_route=\/wp\/v2\/posts\/38055\/revisions"}],"predecessor-version":[{"id":38057,"href":"https:\/\/www.radioamigavallenar.cl\/index.php?rest_route=\/wp\/v2\/posts\/38055\/revisions\/38057"}],"wp:featuredmedia":[{"embeddable":true,"href":"https:\/\/www.radioamigavallenar.cl\/index.php?rest_route=\/wp\/v2\/media\/38056"}],"wp:attachment":[{"href":"https:\/\/www.radioamigavallenar.cl\/index.php?rest_route=%2Fwp%2Fv2%2Fmedia&parent=38055"}],"wp:term":[{"taxonomy":"category","embeddable":true,"href":"https:\/\/www.radioamigavallenar.cl\/index.php?rest_route=%2Fwp%2Fv2%2Fcategories&post=38055"},{"taxonomy":"post_tag","embeddable":true,"href":"https:\/\/www.radioamigavallenar.cl\/index.php?rest_route=%2Fwp%2Fv2%2Ftags&post=38055"}],"curies":[{"name":"wp","href":"https:\/\/api.w.org\/{rel}","templated":true}]}}