{"id":37959,"date":"2021-04-07T10:26:10","date_gmt":"2021-04-07T14:26:10","guid":{"rendered":"https:\/\/www.radioamigavallenar.cl\/?p=37959"},"modified":"2021-04-07T10:26:10","modified_gmt":"2021-04-07T14:26:10","slug":"excelente-noticias-para-poblacion-hermanos-carrera-en-vallenar-al-adjudicar-pavimentacion-de-sus-calles","status":"publish","type":"post","link":"https:\/\/www.radioamigavallenar.cl\/?p=37959","title":{"rendered":"Excelente noticias para poblaci\u00f3n Hermanos Carrera en Vallenar al adjudicar pavimentaci\u00f3n de sus calles"},"content":{"rendered":"<p class=\"Normal1\">La Municipalidad de Vallenar hace postulaci\u00f3n al llamado del a\u00f1o 2020 para proyecto de Pavimento Participativo del Ministerio de Vivienda y Urbanismo, el cual fue revisado y aprobado por el Serviu.<\/p>\n<p class=\"Normal1\">La calle seleccionada, es Libertad de la poblaci\u00f3n Hermanos Carrera, correspondiente al tramo desde escalinata Riquelme hasta Honorio P\u00e9rez. El proyecto consiste en un mejoramiento integral de la calle, con reposici\u00f3n de la calzada y construcci\u00f3n de vereda. El proyecto contempla accesibilidad universal y en el tramo de Honorio P\u00e9rez se dise\u00f1\u00f3 una peque\u00f1a rotonda para la mejor circulaci\u00f3n de vehicular.<\/p>\n<p class=\"Normal1\">En este proyecto, participan el SERVIU, el municipio y la comunidad beneficiada. Este, debe venir aprobado por la junta de vecinos del sector, en este caso, la Uni\u00f3n Comunal Norte.<\/p>\n<p class=\"Normal1\">Adem\u00e1s, es cofinanciado por la Municipalidad de Vallenar y SERVIU, por parte del municipio con un aporte del 10,72 % con un monto de $ 32.280.000, y el SERVIU con un 89,28% con un monto de $ 268.817.000, teniendo un aporte total de $ 301.097.000. La comunidad en este caso, no puso aporte, ya que, el lugar donde se realizar\u00e1 la iniciativa, fue parte del programa QUIERO MI BARRIO.<\/p>\n<p class=\"Normal1\">La adjudicaci\u00f3n de este proyecto, es producto de la gesti\u00f3n de la Junta de Vecinos n\u00famero 4, patrocinado por Uni\u00f3n Comunal sector norte, en conjunto con la dirigente social Sra. Rosa Plaza.<\/p>\n<p class=\"Normal1\">En general, se trata de un mejoramiento integral, pues, abarca inclusi\u00f3n y mejoras de espacios para la movilidad de personas con alg\u00fan tipo de discapacidad.<\/p>\n<p class=\"Normal1\">\u201cEl \u00e9xito de este programa reside en la participaci\u00f3n y el protagonismo que la comunidad decida tomar para la transformaci\u00f3n de la vida del barrio, ya que es concursable y es la organizaci\u00f3n y gesti\u00f3n activa de los vecinos, con el apoyo de los municipios, la que permite levantar nuevos proyectos a\u00f1o a a\u00f1o\u201d.<\/p>\n<p class=\"Normal1\">Con la ejecuci\u00f3n de estas obras se obtienen innumerables beneficios, como, la urbanizaci\u00f3n del barrio, disminuir significativamente la poluci\u00f3n ambiental, mejorar la accesibilidad, entre otros, permitiendo as\u00ed que los vecinos y vecinas puedan desplazarse adecuadamente y vivir en un barrio m\u00e1s amable y acogedor.<\/p>\n<p class=\"Normal1\">Finalmente, desde el municipio de Vallenar, informan que existe el compromiso de prestar apoyo t\u00e9cnico y log\u00edstico por intermedio del equipo de profesionales de elaboraci\u00f3n de proyectos de la SECPLA.<\/p>\n","protected":false},"excerpt":{"rendered":"<p>La Municipalidad de Vallenar hace postulaci\u00f3n al llamado del a\u00f1o 2020 para proyecto de Pavimento Participativo del Ministerio de Vivienda y Urbanismo, el cual fue&hellip; <\/p>\n","protected":false},"author":2,"featured_media":37960,"comment_status":"open","ping_status":"closed","sticky":false,"template":"","format":"standard","meta":{"footnotes":""},"categories":[7],"tags":[],"class_list":["post-37959","post","type-post","status-publish","format-standard","has-post-thumbnail","hentry","category-atacama"],"_links":{"self":[{"href":"https:\/\/www.radioamigavallenar.cl\/index.php?rest_route=\/wp\/v2\/posts\/37959","targetHints":{"allow":["GET"]}}],"collection":[{"href":"https:\/\/www.radioamigavallenar.cl\/index.php?rest_route=\/wp\/v2\/posts"}],"about":[{"href":"https:\/\/www.radioamigavallenar.cl\/index.php?rest_route=\/wp\/v2\/types\/post"}],"author":[{"embeddable":true,"href":"https:\/\/www.radioamigavallenar.cl\/index.php?rest_route=\/wp\/v2\/users\/2"}],"replies":[{"embeddable":true,"href":"https:\/\/www.radioamigavallenar.cl\/index.php?rest_route=%2Fwp%2Fv2%2Fcomments&post=37959"}],"version-history":[{"count":1,"href":"https:\/\/www.radioamigavallenar.cl\/index.php?rest_route=\/wp\/v2\/posts\/37959\/revisions"}],"predecessor-version":[{"id":37961,"href":"https:\/\/www.radioamigavallenar.cl\/index.php?rest_route=\/wp\/v2\/posts\/37959\/revisions\/37961"}],"wp:featuredmedia":[{"embeddable":true,"href":"https:\/\/www.radioamigavallenar.cl\/index.php?rest_route=\/wp\/v2\/media\/37960"}],"wp:attachment":[{"href":"https:\/\/www.radioamigavallenar.cl\/index.php?rest_route=%2Fwp%2Fv2%2Fmedia&parent=37959"}],"wp:term":[{"taxonomy":"category","embeddable":true,"href":"https:\/\/www.radioamigavallenar.cl\/index.php?rest_route=%2Fwp%2Fv2%2Fcategories&post=37959"},{"taxonomy":"post_tag","embeddable":true,"href":"https:\/\/www.radioamigavallenar.cl\/index.php?rest_route=%2Fwp%2Fv2%2Ftags&post=37959"}],"curies":[{"name":"wp","href":"https:\/\/api.w.org\/{rel}","templated":true}]}}