{"id":37956,"date":"2021-04-07T10:19:06","date_gmt":"2021-04-07T14:19:06","guid":{"rendered":"https:\/\/www.radioamigavallenar.cl\/?p=37956"},"modified":"2021-04-07T10:19:06","modified_gmt":"2021-04-07T14:19:06","slug":"confusam-y-diputada-cicardini-exigen-al-minsal-terminar-incertidumbre-de-funcionarios-y-dar-por-cumplidas-metas-sanitarias-2021","status":"publish","type":"post","link":"https:\/\/www.radioamigavallenar.cl\/?p=37956","title":{"rendered":"CONFUSAM y Diputada Cicardini exigen al MINSAL terminar incertidumbre de funcionarios y dar por cumplidas metas sanitarias 2021"},"content":{"rendered":"<p><strong>Coincidieron adem\u00e1s en necesidad de reformar ley 19. 813, a fin de no hacer exigible el cumplimiento de este tipo de logros, en situaciones de emergencia y estados de excepci\u00f3n constitucional por cat\u00e1strofes.<\/strong><b><\/b><span id=\"more-136738\"><\/span><\/p>\n<p><strong>Un llamado conjunto al gobierno y al ministerio de Salud a dar por cumplidas las metas sanitarias para los funcionarios de Salud en el a\u00f1o 2021 y a formalizar dicha medida a trav\u00e9s de un documento oficial, efectuaron la diputada por Atacama Daniella Cicardini, y el presidente de la Confederaci\u00f3n de Funcionarios de la Salud Municipalizada, CONFUSAM Atacama, Wilfredo Neyra.<\/strong><\/p>\n<p>La solicitud dice relaci\u00f3n con procesos de calificaci\u00f3n y logro de objetivos fijados anualmente por la autoridad a los trabajadores de la Salud, asociados a la entrega de bonificaciones por cumplimientos de atenciones, como por ejemplo en compensaci\u00f3n de cr\u00f3nicos, hipertensos y diab\u00e9ticos, pacientes de atenci\u00f3n mental, cuidados de ni\u00f1os y adolescentes y programa de la mujer, entre otros.<\/p>\n<p>Sobre el punto, Wilfredo Neyra, presidente de la CONFUSAM Atacama, contextualiz\u00f3 que<strong>\u00a0\u201choy en d\u00eda los funcionarios no solo est\u00e1n cumpliendo sus acciones normales, sino que se les ha agregado la doble vacunaci\u00f3n de inmunizaci\u00f3n del Coronavirus y de la Influenza; las labores de trazabilidad, testeo y aislamiento; atenciones de programa de salud, atenciones domiciliarias, etc.\u201d.<\/strong><\/p>\n<p>Por ello, junto con subrayar que las atenciones se siguen efectuando, pero al ritmo que lo permite la crisis sanitaria, el dirigente puntualiz\u00f3 que \u201clo que estamos solicitando como CONFUSAM Atacama es dar por cumplidas las metas sanitarias para el a\u00f1o 2021; y espec\u00edficamente que el ministerio y Servicio de Salud permitan que las comunas se programen como corresponde de acuerdo a sus propias realidades, y entendiendo que claramente no se va a poder exigir y cumplir las metas sanitarias por estar en un Estado de Excepci\u00f3n Constitucional no visto hace m\u00e1s de 100 a\u00f1os\u201d.<\/p>\n<p>Consultado por declaraciones del ministro Paris se\u00f1alando su voluntad de acoger la solicitud funcionaria, Neyra indic\u00f3 que \u201clo que tenemos son anuncios verbales; ha dicho que existen voluntades (\u2026) pero en lo concreto hoy no tenemos un documento que respalde a los trabajadores y trabajadoras\u201d.<\/p>\n<p>En tanto,\u00a0\u00a0<strong>la diputada Daniella Cicardini afirm\u00f3 que \u201cme parece sumamente injusto e inaceptable que se sobrecargue a\u00fan m\u00e1s y se mantenga en incertidumbre a las y los funcionarios de la Salud de la atenci\u00f3n primaria municipal y de todos los niveles, respecto a esta necesidad de no exigir y dar por cumplidas sus metas sanitarias para este 2021\u201d<\/strong><\/p>\n<p>\u201cSer\u00eda inaceptable que todo el esfuerzo, agotamiento f\u00edsico, emocional y mental, y toda la entrega de los trabajadores de la salud en esta pandemia, en vez de ser premiado sea castigado por el gobierno, por no cumplir metas que hoy no pueden cumplir. Nadie est\u00e1 obligado a lo imposible\u201d.<\/p>\n<p>En esa l\u00ednea, la parlamentaria acot\u00f3 adem\u00e1s que \u201csi el gobierno o el ministro tienen la decisi\u00f3n tomada de postergarlas o dar por cumplidas esas metas, como han escuchado algunos por ah\u00ed; bueno, yo los llamo a que lo oficialicen y lo digan pero de manera formal, para no seguir agregando un estr\u00e9s e incertidumbre gratuitos a funcionarios que lo han dado todo en esta lucha con la pandemia\u201d.<\/p>\n<p>Asimismo,\u00a0<strong>ambos personeros coincidieron en la necesidad de reformar la ley 19. 813 con el fin de que en casos de cat\u00e1strofe y otros no se eval\u00fae ni sea exigible el complimiento de metas sanitarias, en consideraci\u00f3n a que los esfuerzos deben estar abocados a enfrentar la emergencia, desde el punto de vista sanitario, \u00a0que llev\u00f3 en primer lugar a establecer un estado de excepci\u00f3n constitucional.<\/strong><\/p>\n","protected":false},"excerpt":{"rendered":"<p>Coincidieron adem\u00e1s en necesidad de reformar ley 19. 813, a fin de no hacer exigible el cumplimiento de este tipo de logros, en situaciones de&hellip; <\/p>\n","protected":false},"author":2,"featured_media":37957,"comment_status":"open","ping_status":"closed","sticky":false,"template":"","format":"standard","meta":{"footnotes":""},"categories":[38],"tags":[],"class_list":["post-37956","post","type-post","status-publish","format-standard","has-post-thumbnail","hentry","category-portada-regional"],"_links":{"self":[{"href":"https:\/\/www.radioamigavallenar.cl\/index.php?rest_route=\/wp\/v2\/posts\/37956","targetHints":{"allow":["GET"]}}],"collection":[{"href":"https:\/\/www.radioamigavallenar.cl\/index.php?rest_route=\/wp\/v2\/posts"}],"about":[{"href":"https:\/\/www.radioamigavallenar.cl\/index.php?rest_route=\/wp\/v2\/types\/post"}],"author":[{"embeddable":true,"href":"https:\/\/www.radioamigavallenar.cl\/index.php?rest_route=\/wp\/v2\/users\/2"}],"replies":[{"embeddable":true,"href":"https:\/\/www.radioamigavallenar.cl\/index.php?rest_route=%2Fwp%2Fv2%2Fcomments&post=37956"}],"version-history":[{"count":1,"href":"https:\/\/www.radioamigavallenar.cl\/index.php?rest_route=\/wp\/v2\/posts\/37956\/revisions"}],"predecessor-version":[{"id":37958,"href":"https:\/\/www.radioamigavallenar.cl\/index.php?rest_route=\/wp\/v2\/posts\/37956\/revisions\/37958"}],"wp:featuredmedia":[{"embeddable":true,"href":"https:\/\/www.radioamigavallenar.cl\/index.php?rest_route=\/wp\/v2\/media\/37957"}],"wp:attachment":[{"href":"https:\/\/www.radioamigavallenar.cl\/index.php?rest_route=%2Fwp%2Fv2%2Fmedia&parent=37956"}],"wp:term":[{"taxonomy":"category","embeddable":true,"href":"https:\/\/www.radioamigavallenar.cl\/index.php?rest_route=%2Fwp%2Fv2%2Fcategories&post=37956"},{"taxonomy":"post_tag","embeddable":true,"href":"https:\/\/www.radioamigavallenar.cl\/index.php?rest_route=%2Fwp%2Fv2%2Ftags&post=37956"}],"curies":[{"name":"wp","href":"https:\/\/api.w.org\/{rel}","templated":true}]}}