{"id":37941,"date":"2021-04-07T06:00:06","date_gmt":"2021-04-07T10:00:06","guid":{"rendered":"https:\/\/www.radioamigavallenar.cl\/?p=37941"},"modified":"2021-04-06T23:01:59","modified_gmt":"2021-04-07T03:01:59","slug":"ips-atacama-intensifica-trabajo-en-terreno","status":"publish","type":"post","link":"https:\/\/www.radioamigavallenar.cl\/?p=37941","title":{"rendered":"IPS Atacama intensifica trabajo en terreno"},"content":{"rendered":"<p>Este 2021 la instituci\u00f3n ha retomado con fuerza el desarrollo de operativos de atenci\u00f3n en terreno, a trav\u00e9s de Gobiernos en Terreno, Plazas Ciudadanas y jornadas de acompa\u00f1amiento de vacunaci\u00f3n Covid19.<\/p>\n<p>Tras un dif\u00edcil 2020 en el que se debieron suspender las actividades en terreno para luego retomarlas de manera muy restringida, el Instituto de Previsi\u00f3n Social Atacama se prepar\u00f3 para reforzar este trabajo para el 2021, atendiendo siempre las restricciones del Plan Paso a Paso y extremando los protocolos de seguridad para proteger a funcionarios, funcionarias, usuarios y usuarias.<\/p>\n<p>En este contexto a partir de marzo se ha intensificado la participaci\u00f3n del IPS en actividades de terreno, como Gobiernos en Terreno en las provincias regionales y jornadas de vacunaci\u00f3n, en las que la instituci\u00f3n ha tomado un rol activo ofreciendo acompa\u00f1amiento para que las personas que acuden a vacunarse puedan acceder a informaci\u00f3n y tr\u00e1mites disponibles en ChileAtiende.<\/p>\n<p>\u201cSi bien la pandemia limita las acciones en terreno que podemos desarrollar, hemos buscado las alternativas que nos permitan llegar a las comunidades m\u00e1s apartadas de las oficinas de ChileAtiende, porque sabemos que este mismo contexto de emergencia sanitarias ha tenido un impacto en la demanda ciudadana por nuestros servicios para acceder a los beneficios y medidas de apoyo impulsadas por el Gobierno del Presidente Pi\u00f1era\u201d, se\u00f1al\u00f3 Roberto D\u00edaz Lastarria, Director (s) de IPS Atacama.<\/p>\n<p>Al respecto la Seremi (S) del Trabajo y Previsi\u00f3n Social, Pamela Orellana Pati\u00f1o, coment\u00f3 \u201cEl trabajo en terreno que realizan los funcionarios de la instituci\u00f3n en nuestra Regi\u00f3n revela la entrega y compromiso con el servicio p\u00fablico de nuestra gente y lo social como centro de nuestro quehacer. Cabe destacar tambi\u00e9n que, trav\u00e9s de ChileAtiende, IPS se ha convertido en una plataforma multicanal-multiservicios, permitiendo el acceso a tr\u00e1mites de diversas instituciones p\u00fablicas, ya sea mediante atenci\u00f3n presencial o no presencial\u201d.<\/p>\n<p>Carolina Varas Sep\u00falveda, Coordinadora de Atenci\u00f3n al Cliente de la instituci\u00f3n, se\u00f1ala que las consultas y tr\u00e1mites m\u00e1s solicitados en estas instancias son justamente los relacionados a la actualizaci\u00f3n del Registro Social de Hogares, \u201cHoy como ChileAtiende estamos capacitados para crear o actualizar el Registro Social de Hogares de los usuarios y usuarias; y como este instrumento est\u00e1 vinculado a la mayor\u00eda de los beneficios que el Gobierno ha creado en pandemia, es una de las principales acciones que desarrollamos, junto con la creaci\u00f3n de Clave \u00danica y la orientaci\u00f3n respecto al IFE y Bono Covid\u201d.<\/p>\n<p>As\u00ed mismo, desde IPS destacan que las actividades en terreno han sido importantes para pesquisar casos de personas que tienen derecho a acceder a un producto de la Reforma Previsional, tales como la Pensi\u00f3n B\u00e1sica Solidaria, el Aporte Previsional Solidario y el Bono por Hijo.<\/p>\n<p>\u201cConstantemente estamos haciendo un llamado a los adultos mayores a que revisen su situaci\u00f3n y que si cumplen los requisitos ingresen la solicitud para una Pensi\u00f3n B\u00e1sica de Vejez o Aporte Previsional Solidario de Vejez. Particularmente en este \u00faltimo nos toca ver muchos casos que<\/p>\n<p>pudiendo acceder al aporte no han ingresado la solicitud. En esos casos inmediatamente hacemos la tramitaci\u00f3n\u201d, se\u00f1al\u00f3 Varas.<\/p>\n<p>Cabe destacar que s\u00f3lo en marzo IPS realiz\u00f3 atenciones en terreno en las tres provincias de la regi\u00f3n, llegando a 260 personas a las que se les entreg\u00f3 servicios relacionados a m\u00e1s de 430 diferentes tr\u00e1mites disponibles en ChileAtiende.<\/p>\n<p>Respecto al mes de abril, IPS Atacama informa que se continuar\u00e1 con el trabajo en terreno, seg\u00fan calendario de actividades conjuntas con la Fundaci\u00f3n de las Familiar y en atenci\u00f3n a las convocatorias que realicen las Gobernaciones Provinciales, entidades que lideran las jornadas de Gobierno en Terreno.<\/p>\n","protected":false},"excerpt":{"rendered":"<p>Este 2021 la instituci\u00f3n ha retomado con fuerza el desarrollo de operativos de atenci\u00f3n en terreno, a trav\u00e9s de Gobiernos en Terreno, Plazas Ciudadanas y&hellip; <\/p>\n","protected":false},"author":2,"featured_media":37942,"comment_status":"open","ping_status":"closed","sticky":false,"template":"","format":"standard","meta":{"footnotes":""},"categories":[38],"tags":[],"class_list":["post-37941","post","type-post","status-publish","format-standard","has-post-thumbnail","hentry","category-portada-regional"],"_links":{"self":[{"href":"https:\/\/www.radioamigavallenar.cl\/index.php?rest_route=\/wp\/v2\/posts\/37941","targetHints":{"allow":["GET"]}}],"collection":[{"href":"https:\/\/www.radioamigavallenar.cl\/index.php?rest_route=\/wp\/v2\/posts"}],"about":[{"href":"https:\/\/www.radioamigavallenar.cl\/index.php?rest_route=\/wp\/v2\/types\/post"}],"author":[{"embeddable":true,"href":"https:\/\/www.radioamigavallenar.cl\/index.php?rest_route=\/wp\/v2\/users\/2"}],"replies":[{"embeddable":true,"href":"https:\/\/www.radioamigavallenar.cl\/index.php?rest_route=%2Fwp%2Fv2%2Fcomments&post=37941"}],"version-history":[{"count":1,"href":"https:\/\/www.radioamigavallenar.cl\/index.php?rest_route=\/wp\/v2\/posts\/37941\/revisions"}],"predecessor-version":[{"id":37943,"href":"https:\/\/www.radioamigavallenar.cl\/index.php?rest_route=\/wp\/v2\/posts\/37941\/revisions\/37943"}],"wp:featuredmedia":[{"embeddable":true,"href":"https:\/\/www.radioamigavallenar.cl\/index.php?rest_route=\/wp\/v2\/media\/37942"}],"wp:attachment":[{"href":"https:\/\/www.radioamigavallenar.cl\/index.php?rest_route=%2Fwp%2Fv2%2Fmedia&parent=37941"}],"wp:term":[{"taxonomy":"category","embeddable":true,"href":"https:\/\/www.radioamigavallenar.cl\/index.php?rest_route=%2Fwp%2Fv2%2Fcategories&post=37941"},{"taxonomy":"post_tag","embeddable":true,"href":"https:\/\/www.radioamigavallenar.cl\/index.php?rest_route=%2Fwp%2Fv2%2Ftags&post=37941"}],"curies":[{"name":"wp","href":"https:\/\/api.w.org\/{rel}","templated":true}]}}