{"id":37809,"date":"2021-04-03T08:02:46","date_gmt":"2021-04-03T11:02:46","guid":{"rendered":"https:\/\/www.radioamigavallenar.cl\/?p=37809"},"modified":"2021-04-03T10:04:32","modified_gmt":"2021-04-03T13:04:32","slug":"senadis-financia-iniciativa-para-la-elaboracion-de-elementos-de-proteccion-personal-para-personas-con-autismo","status":"publish","type":"post","link":"https:\/\/www.radioamigavallenar.cl\/?p=37809","title":{"rendered":"SENADIS financia iniciativa para la elaboraci\u00f3n de elementos de protecci\u00f3n personal para personas con autismo"},"content":{"rendered":"<p>La Corporaci\u00f3n TEApoyo Copiap\u00f3 se adjudic\u00f3 el proyecto que permiti\u00f3 confeccionar 800 mascarillas y 800 escudos faciales que ser\u00e1n distribuidas entre las familias de personas con autismo.<\/p>\n<p>\u00b7 Ayer 2 de abril se conmemor\u00f3 el D\u00eda Mundial de Concienciaci\u00f3n sobre el Autismo.<\/p>\n<p>Son muchas las dificultades que se han generado producto de la pandemia y en este contexto, una de ellas es la que han enfrentado personas con autismo respecto al uso de las mascarillas, elementos que ya son de uso b\u00e1sico y necesario para el desplazamiento seguro de cualquier persona. Frente a esta necesidad, surge el proyecto \u201cFOMENTANDO EL USO DE PROTECCI\u00d2N EN PERSONAS AUTISTAS\u201d de la Corporaci\u00f3n TEApoyo Copiap\u00f3, financiado por el Servicio Nacional de la Discapacidad, a trav\u00e9s del Fondo Nacional de Proyectos Inclusivos, FONAPI, por un monto de $3.480.000.-<\/p>\n<p>La Directora Regional de SENADIS Atacama, Gabriela Villanueva dijo que \u201ca trav\u00e9s de este fondo desde SENADIS buscamos promover la inclusi\u00f3n de las personas con discapacidad, en este caso de las personas con autismo en la regi\u00f3n de Atacama y contribuir en el contexto de la pandemia a su protecci\u00f3n y a un desplazamiento seguro con implementos que ellos mismos est\u00e1n elaborando\u201d.<\/p>\n<p>En tanto, la presidenta de la Corporaci\u00f3n TEApoyo Copiap\u00f3, Marcela Flores Morales explic\u00f3 que \u201ca prop\u00f3sito de la dificultad que implica el uso de mascarillas y escudos faciales en las personas que tienen hipersensibilidad oro-facial, surge la idea de que fueran las propias familias y en especial los ni\u00f1os, ni\u00f1as y adolescentes que se encuentran dentro del espectro pudieran dise\u00f1ar elementos de protecci\u00f3n personal que fueran de su agrado, incentivando de esa manera el uso de ellos\u201d.<\/p>\n<p>Al respecto, el seremi de Desarrollo Social y Familia, Luis Morales se\u00f1al\u00f3 que \u201cel proyecto busca llegar a muchas familias con alg\u00fan integrante con la condici\u00f3n del espectro autista, independiente a que pertenezcan o no la Corporaci\u00f3n, por lo cual, se confeccionaron 800 mascarillas y 800 escudos faciales, los que est\u00e1n a disposici\u00f3n de las familias y la comunidad, haci\u00e9ndolas llegar a otras agrupaciones y organizaciones y familias que no se encuentren asociadas\u201d.<\/p>\n<p>\u201cComo Gobierno estamos tratando de llegar a todos los sectores y poder entregar ayuda y apoyo a las personas que m\u00e1s lo necesitan, nuestro llamado es a enfrentar unidos esta pandemia sin dejar de lado las necesidades b\u00e1sicas de las personas con discapacidad. Ante la emergencia sanitaria hemos impulsado una serie de acciones para apoyar a las personas<\/p>\n<p>con discapacidad, sus familias y cuidadores, focalizando los recursos a las necesidades actuales en el contexto de la pandemia\u201d, agreg\u00f3 la Directora Regional de SENADIS, Gabriela Villanueva.<\/p>\n<p>\u201cPara nuestra organizaci\u00f3n es fundamental poder acceder a este tipo de instancias y fondos, los que finalmente nos permiten en momentos tan dif\u00edciles como los que vivimos acercarnos a las familias, entregar implementos que les haga m\u00e1s llevaderas sus salidas y poder asegurar que el retorno a nuestra casa sea seguro y confiable para todos\u201d, destac\u00f3 la presidenta de la Corporaci\u00f3n TEApoyo Copiap\u00f3, Marcela Flores<\/p>\n<p>Quienes quieran acceder de forma gratuita a estos implementos pueden contactarse a trav\u00e9s de las redes sociales Facebook Teapoyo Copiap\u00f3, Instagram con el mismo nombre y al correo electr\u00f3nico teapoyocorporacion@gmail.com<\/p>\n<p style=\"text-align: center;\"><strong>D\u00eda Mundial de Concienciaci\u00f3n sobre el Autismo<\/strong><\/p>\n<p>Este 2 de abril se conmemora el D\u00eda Mundial de Concienciaci\u00f3n sobre el Autismo, instaurado por la Asamblea General de las Naciones Unidas, para poner de relieve la necesidad de contribuir a la mejora de la calidad de vida de las personas con autismo, para que puedan llevar una vida plena y gratificantes como parte integrante de la sociedad. \u201cQueremos relevar el aporte de las personas con autismo y sus familias en la sociedad actual, nuestro llamado es a eliminar las brechas existentes para posibilitar su plena participaci\u00f3n en la sociedad. Esta tambi\u00e9n es una oportunidad para valorar el aporte de las organizaciones en el proceso de inclusi\u00f3n, pues son agentes de cambio que contribuyen al cambio cultural\u201d, sentenci\u00f3 la Directora Regional de SENADIS.<\/p>\n<p>Por su parte, la presidenta de la Corporaci\u00f3n TEApoyo Copiap\u00f3, Marcela Flores, agreg\u00f3 que \u201ces de suma relevancia que exista un d\u00eda en que podamos concientizar sobre la condici\u00f3n, pero siempre teniendo presente que el Autismo es todos los d\u00edas y toda la vida. Entendiendo que debemos avanzar en conjunto, las diferentes agrupaciones y organizaciones nos hemos reunido en la Vocer\u00eda Norte de Autismo, buscando encontrar soluciones y avances conjuntos\u201d.<\/p>\n<p>La Corporaci\u00f3n TEApoyo Copiap\u00f3 nace en julio de 2018, actualmente la integran 52 familias, con un total de 76 ni\u00f1os, ni\u00f1as y adolescentes que trabajan en talleres de habilidades sociales, apoyo sicol\u00f3gico a familias en su conjunto, actividades recreativas, charlas de concientizaci\u00f3n a la comunidad en general, charlas en centros educativos y apoyo en general a las familias.<\/p>\n","protected":false},"excerpt":{"rendered":"<p>La Corporaci\u00f3n TEApoyo Copiap\u00f3 se adjudic\u00f3 el proyecto que permiti\u00f3 confeccionar 800 mascarillas y 800 escudos faciales que ser\u00e1n distribuidas entre las familias de personas&hellip; <\/p>\n","protected":false},"author":2,"featured_media":37810,"comment_status":"open","ping_status":"closed","sticky":false,"template":"","format":"standard","meta":{"footnotes":""},"categories":[38],"tags":[],"class_list":["post-37809","post","type-post","status-publish","format-standard","has-post-thumbnail","hentry","category-portada-regional"],"_links":{"self":[{"href":"https:\/\/www.radioamigavallenar.cl\/index.php?rest_route=\/wp\/v2\/posts\/37809","targetHints":{"allow":["GET"]}}],"collection":[{"href":"https:\/\/www.radioamigavallenar.cl\/index.php?rest_route=\/wp\/v2\/posts"}],"about":[{"href":"https:\/\/www.radioamigavallenar.cl\/index.php?rest_route=\/wp\/v2\/types\/post"}],"author":[{"embeddable":true,"href":"https:\/\/www.radioamigavallenar.cl\/index.php?rest_route=\/wp\/v2\/users\/2"}],"replies":[{"embeddable":true,"href":"https:\/\/www.radioamigavallenar.cl\/index.php?rest_route=%2Fwp%2Fv2%2Fcomments&post=37809"}],"version-history":[{"count":1,"href":"https:\/\/www.radioamigavallenar.cl\/index.php?rest_route=\/wp\/v2\/posts\/37809\/revisions"}],"predecessor-version":[{"id":37811,"href":"https:\/\/www.radioamigavallenar.cl\/index.php?rest_route=\/wp\/v2\/posts\/37809\/revisions\/37811"}],"wp:featuredmedia":[{"embeddable":true,"href":"https:\/\/www.radioamigavallenar.cl\/index.php?rest_route=\/wp\/v2\/media\/37810"}],"wp:attachment":[{"href":"https:\/\/www.radioamigavallenar.cl\/index.php?rest_route=%2Fwp%2Fv2%2Fmedia&parent=37809"}],"wp:term":[{"taxonomy":"category","embeddable":true,"href":"https:\/\/www.radioamigavallenar.cl\/index.php?rest_route=%2Fwp%2Fv2%2Fcategories&post=37809"},{"taxonomy":"post_tag","embeddable":true,"href":"https:\/\/www.radioamigavallenar.cl\/index.php?rest_route=%2Fwp%2Fv2%2Ftags&post=37809"}],"curies":[{"name":"wp","href":"https:\/\/api.w.org\/{rel}","templated":true}]}}