{"id":37778,"date":"2021-04-01T13:27:40","date_gmt":"2021-04-01T16:27:40","guid":{"rendered":"https:\/\/www.radioamigavallenar.cl\/?p=37778"},"modified":"2021-04-01T13:27:40","modified_gmt":"2021-04-01T16:27:40","slug":"60-nuevos-casos-covid-se-registraron-este-jueves-en-atacama","status":"publish","type":"post","link":"https:\/\/www.radioamigavallenar.cl\/?p=37778","title":{"rendered":"60 nuevos casos Covid se registraron este jueves en Atacama"},"content":{"rendered":"<p>El Minsal inform\u00f3 este jueves un total de 60 nuevos casos de Coronavirus en la regi\u00f3n de Atacama, de ellos 29 sintom\u00e1ticos y 31 sin s\u00edntomas, adem\u00e1s se reportaron 527 casos activos confirmados en las \u00faltimas 24 horas.<\/p>\n<p><a href=\"https:\/\/www.radioamigavallenar.cl\/wp-content\/uploads\/2021\/04\/Ex5lsOeXIAQYQ1z.jpg\"><img loading=\"lazy\" decoding=\"async\" class=\" wp-image-37779 aligncenter\" src=\"https:\/\/www.radioamigavallenar.cl\/wp-content\/uploads\/2021\/04\/Ex5lsOeXIAQYQ1z-300x300.jpg\" alt=\"\" width=\"625\" height=\"625\" srcset=\"https:\/\/www.radioamigavallenar.cl\/wp-content\/uploads\/2021\/04\/Ex5lsOeXIAQYQ1z-300x300.jpg 300w, https:\/\/www.radioamigavallenar.cl\/wp-content\/uploads\/2021\/04\/Ex5lsOeXIAQYQ1z-150x150.jpg 150w, https:\/\/www.radioamigavallenar.cl\/wp-content\/uploads\/2021\/04\/Ex5lsOeXIAQYQ1z-768x768.jpg 768w, https:\/\/www.radioamigavallenar.cl\/wp-content\/uploads\/2021\/04\/Ex5lsOeXIAQYQ1z.jpg 887w\" sizes=\"auto, (max-width: 625px) 100vw, 625px\" \/><\/a><\/p>\n<p>Con ello Atacama alcanza a la fecha 27.060 casos acumulados de la enfermedad.<\/p>\n","protected":false},"excerpt":{"rendered":"<p>El Minsal inform\u00f3 este jueves un total de 60 nuevos casos de Coronavirus en la regi\u00f3n de Atacama, de ellos 29 sintom\u00e1ticos y 31 sin&hellip; <\/p>\n","protected":false},"author":2,"featured_media":24785,"comment_status":"open","ping_status":"closed","sticky":false,"template":"","format":"standard","meta":{"footnotes":""},"categories":[7],"tags":[],"class_list":["post-37778","post","type-post","status-publish","format-standard","has-post-thumbnail","hentry","category-atacama"],"_links":{"self":[{"href":"https:\/\/www.radioamigavallenar.cl\/index.php?rest_route=\/wp\/v2\/posts\/37778","targetHints":{"allow":["GET"]}}],"collection":[{"href":"https:\/\/www.radioamigavallenar.cl\/index.php?rest_route=\/wp\/v2\/posts"}],"about":[{"href":"https:\/\/www.radioamigavallenar.cl\/index.php?rest_route=\/wp\/v2\/types\/post"}],"author":[{"embeddable":true,"href":"https:\/\/www.radioamigavallenar.cl\/index.php?rest_route=\/wp\/v2\/users\/2"}],"replies":[{"embeddable":true,"href":"https:\/\/www.radioamigavallenar.cl\/index.php?rest_route=%2Fwp%2Fv2%2Fcomments&post=37778"}],"version-history":[{"count":1,"href":"https:\/\/www.radioamigavallenar.cl\/index.php?rest_route=\/wp\/v2\/posts\/37778\/revisions"}],"predecessor-version":[{"id":37780,"href":"https:\/\/www.radioamigavallenar.cl\/index.php?rest_route=\/wp\/v2\/posts\/37778\/revisions\/37780"}],"wp:featuredmedia":[{"embeddable":true,"href":"https:\/\/www.radioamigavallenar.cl\/index.php?rest_route=\/wp\/v2\/media\/24785"}],"wp:attachment":[{"href":"https:\/\/www.radioamigavallenar.cl\/index.php?rest_route=%2Fwp%2Fv2%2Fmedia&parent=37778"}],"wp:term":[{"taxonomy":"category","embeddable":true,"href":"https:\/\/www.radioamigavallenar.cl\/index.php?rest_route=%2Fwp%2Fv2%2Fcategories&post=37778"},{"taxonomy":"post_tag","embeddable":true,"href":"https:\/\/www.radioamigavallenar.cl\/index.php?rest_route=%2Fwp%2Fv2%2Ftags&post=37778"}],"curies":[{"name":"wp","href":"https:\/\/api.w.org\/{rel}","templated":true}]}}