{"id":3775,"date":"2017-02-01T10:26:44","date_gmt":"2017-02-01T13:26:44","guid":{"rendered":"http:\/\/www.radioamigavallenar.cl\/?p=3775"},"modified":"2017-02-01T10:26:44","modified_gmt":"2017-02-01T13:26:44","slug":"buscan-potenciar-la-agricultura-organica-y-sustentable-en-el-valle-del-huasco","status":"publish","type":"post","link":"https:\/\/www.radioamigavallenar.cl\/?p=3775","title":{"rendered":"Buscan potenciar la agricultura org\u00e1nica y sustentable en el Valle del Huasco"},"content":{"rendered":"<p style=\"text-align: justify;\"><a href=\"http:\/\/www.radioamigavallenar.cl\/wp-content\/uploads\/2017\/02\/olivos-andalucia-fiti-yourtripideas-620x350.jpg\"><img loading=\"lazy\" decoding=\"async\" class=\" size-medium wp-image-3776 aligncenter\" src=\"http:\/\/www.radioamigavallenar.cl\/wp-content\/uploads\/2017\/02\/olivos-andalucia-fiti-yourtripideas-620x350-300x169.jpg\" alt=\"olivos-andalucia-fiti-yourtripideas-620x350\" width=\"300\" height=\"169\" srcset=\"https:\/\/www.radioamigavallenar.cl\/wp-content\/uploads\/2017\/02\/olivos-andalucia-fiti-yourtripideas-620x350-300x169.jpg 300w, https:\/\/www.radioamigavallenar.cl\/wp-content\/uploads\/2017\/02\/olivos-andalucia-fiti-yourtripideas-620x350.jpg 700w\" sizes=\"auto, (max-width: 300px) 100vw, 300px\" \/><\/a><\/p>\n<p style=\"text-align: justify;\">Con la presencia de un alto n\u00famero de agricultores, tuvo lugar este martes la ceremonia de lanzamiento del Programa de Difusi\u00f3n Tecnol\u00f3gica para el desarrollo de la Agricultura Org\u00e1nica y Sustentable, en el Valle Del Huasco, iniciativa p\u00fablico \u2013 privada orientada a\u00a0 mejorar la gesti\u00f3n productiva de la Provincia, y en especial de 41 agricultores que ser\u00e1n beneficiarios directos del proyecto.<\/p>\n<p style=\"text-align: justify;\">En la ocasi\u00f3n, estuvieron presentes la Sub Directora de CORFO, Rosa Rom\u00e1n, el Presidente de la Asociaci\u00f3n Gremial Agr\u00edcola de la Provincia de Huasco, Herman Von Mayenberger Rojas, el Gerente General de la empresa SIMAG Ltda., Alex Torres, representantes de las Municipalidades de Vallenar y Freirina, miembros del Directorio de la Junta de Vigilancia del R\u00edo Huasco, representantes de empresas privadas y agricultores del Valle.<\/p>\n<p style=\"text-align: justify;\">La presentaci\u00f3n de los antecedentes del Programa estuvo a cargo del Ingeniero Agr\u00f3nomo de la empresa SIMAG Ltda., \u00d3scar Sep\u00falveda, quien dio cuenta de las actividades previstas durante el a\u00f1o, entre las que destac\u00f3 la realizaci\u00f3n de seminarios, talleres, feria y misi\u00f3n tecnol\u00f3gica, anteproyectos de preinversi\u00f3n, y un Plan de Desarrollo Asociativo sobre producci\u00f3n org\u00e1nica y denominaci\u00f3n origen para el Valle del Huasco.<\/p>\n<p style=\"text-align: justify;\">Por su parte, el representante de la Asociaci\u00f3n de Agricultores del Huasco, Herman Von Mayenberger, resalt\u00f3 las condiciones del Valle para el desarrollo de la agricultura org\u00e1nica, al tiempo que llam\u00f3 a los agricultores a asumir el desaf\u00edo de aprovechar el potencial natural con que cuentan.<\/p>\n<p style=\"text-align: justify;\">\u201cEl mundo nos est\u00e1 esperando, nosotros somos los art\u00edfices de nuestro desarrollo y debemos estar a la altura del desaf\u00edo. Con la denominaci\u00f3n de origen del Aceite de Oliva del Valle del Huasco hemos dado un paso importante, pero tenemos que seguir trabajando y la Asociaci\u00f3n debe ser el motor de ese objetivo\u201d, resalt\u00f3.<\/p>\n<p style=\"text-align: justify;\">El cierre de la ceremonia estuvo a cargo de la Sub Directora de CORFO, Rosa Rom\u00e1n, quien celebr\u00f3 la capacidad de los agricultores del Huasco y la empresa ejecutante para desarrollar este proyecto, e invit\u00f3 a los presentes a sumarse a las actividades programadas.<\/p>\n<p style=\"text-align: justify;\">\u201cProyectos como este han dado muy buenos resultados en otras partes del pa\u00eds, por lo que el desaf\u00edo tanto de Uds. como del aparato p\u00fablico es aprovechar esta oportunidad para concretar las mejoras productivas que requieren los agricultores del Huasco. Estamos a su disposici\u00f3n.\u201d, se\u00f1al\u00f3.<\/p>\n<p style=\"text-align: justify;\">En la oportunidad, se destac\u00f3, tambi\u00e9n, el aporte de miles de voluntarios en el combate a los incendios forestales que afectan al sur del pa\u00eds, especialmente, el de los bomberos de la Provincia del Huasco que se encuentran prestando colaboraci\u00f3n en la octava regi\u00f3n, entre los que se encuentra Juan Pablo Alfaro Alfaro, trabajador de la empresa SIMAG Ltda., ejecutora del Programa inaugurado.<\/p>\n<p>&nbsp;<\/p>\n","protected":false},"excerpt":{"rendered":"<p>Con la presencia de un alto n\u00famero de agricultores, tuvo lugar este martes la ceremonia de lanzamiento del Programa de Difusi\u00f3n Tecnol\u00f3gica para el desarrollo&hellip; <\/p>\n","protected":false},"author":2,"featured_media":3776,"comment_status":"open","ping_status":"closed","sticky":false,"template":"","format":"standard","meta":{"footnotes":""},"categories":[3],"tags":[],"class_list":["post-3775","post","type-post","status-publish","format-standard","has-post-thumbnail","hentry","category-freirina"],"_links":{"self":[{"href":"https:\/\/www.radioamigavallenar.cl\/index.php?rest_route=\/wp\/v2\/posts\/3775","targetHints":{"allow":["GET"]}}],"collection":[{"href":"https:\/\/www.radioamigavallenar.cl\/index.php?rest_route=\/wp\/v2\/posts"}],"about":[{"href":"https:\/\/www.radioamigavallenar.cl\/index.php?rest_route=\/wp\/v2\/types\/post"}],"author":[{"embeddable":true,"href":"https:\/\/www.radioamigavallenar.cl\/index.php?rest_route=\/wp\/v2\/users\/2"}],"replies":[{"embeddable":true,"href":"https:\/\/www.radioamigavallenar.cl\/index.php?rest_route=%2Fwp%2Fv2%2Fcomments&post=3775"}],"version-history":[{"count":0,"href":"https:\/\/www.radioamigavallenar.cl\/index.php?rest_route=\/wp\/v2\/posts\/3775\/revisions"}],"wp:featuredmedia":[{"embeddable":true,"href":"https:\/\/www.radioamigavallenar.cl\/index.php?rest_route=\/wp\/v2\/media\/3776"}],"wp:attachment":[{"href":"https:\/\/www.radioamigavallenar.cl\/index.php?rest_route=%2Fwp%2Fv2%2Fmedia&parent=3775"}],"wp:term":[{"taxonomy":"category","embeddable":true,"href":"https:\/\/www.radioamigavallenar.cl\/index.php?rest_route=%2Fwp%2Fv2%2Fcategories&post=3775"},{"taxonomy":"post_tag","embeddable":true,"href":"https:\/\/www.radioamigavallenar.cl\/index.php?rest_route=%2Fwp%2Fv2%2Ftags&post=3775"}],"curies":[{"name":"wp","href":"https:\/\/api.w.org\/{rel}","templated":true}]}}