{"id":37427,"date":"2021-03-24T06:00:10","date_gmt":"2021-03-24T09:00:10","guid":{"rendered":"https:\/\/www.radioamigavallenar.cl\/?p=37427"},"modified":"2021-03-24T12:54:19","modified_gmt":"2021-03-24T15:54:19","slug":"vacunacion-24-marzo-adultos-de-59-anos-y-vocales-de-mesa-de-37-a-44-anos","status":"publish","type":"post","link":"https:\/\/www.radioamigavallenar.cl\/?p=37427","title":{"rendered":"Vacunaci\u00f3n 24 marzo: adultos de 59 a\u00f1os y vocales de mesa de 37 a 44 a\u00f1os"},"content":{"rendered":"<p>Quienes fueron convocados para los pr\u00f3ximos comicios, deben asistir con su carnet de identidad y una imagen, pantallazo o impresi\u00f3n del Servel en el que se verifique que ser\u00e1n vocales de mesa.<span id=\"more-244097\"><\/span><\/p>\n<p>Este\u00a0<b>mi\u00e9rcoles 24 de marzo<\/b>\u00a0Chile da un paso importante en el combate a la pandemia del coronavirus, ya que seg\u00fan el calendario de vacunaci\u00f3n,\u00a0<b>comenzar\u00e1 la inmunizaci\u00f3n a personas adultas y completamente sanas de 59 a\u00f1os.<\/b><\/p>\n<p>Adem\u00e1s, conforme al plan de desarrollar una elecci\u00f3n segura, se continuar\u00e1 inoculando a todos los<b>\u00a0vocales mesa entre 37 y 44 a\u00f1os,<\/b>\u00a0as\u00ed como tambi\u00e9n a todo el personal que participe de apoyo en los comicios.<\/p>\n<div id=\"dfp_inread\"><\/div>\n<p>Dichas personas deben asistir con su carnet de identidad y una imagen, pantallazo o impresi\u00f3n del Servel en el que se verifique que fue convocado como vocal de mesa.<\/p>\n<p>Por \u00faltimo, cabe recordar que pueden asistir a un vacunatorio p\u00fablico o privado.<\/p>\n<h1>Revisa aqu\u00ed el calendario de vacunaci\u00f3n para esta semana:<\/h1>\n<p>&nbsp;<\/p>\n<p><img loading=\"lazy\" decoding=\"async\" class=\"alignnone size-full wp-image-243755 lazy-loaded\" src=\"https:\/\/www.maray.cl\/wp-content\/uploads\/2021\/03\/AnyConv.com__Captura.jpg\" sizes=\"auto, (max-width: 1140px) 100vw, 1140px\" srcset=\"https:\/\/www.maray.cl\/wp-content\/uploads\/2021\/03\/AnyConv.com__Captura.jpg 1140w, https:\/\/www.maray.cl\/wp-content\/uploads\/2021\/03\/AnyConv.com__Captura-600x456.jpg 600w, https:\/\/www.maray.cl\/wp-content\/uploads\/2021\/03\/AnyConv.com__Captura-800x608.jpg 800w, https:\/\/www.maray.cl\/wp-content\/uploads\/2021\/03\/AnyConv.com__Captura-768x584.jpg 768w\" alt=\"\" width=\"1140\" height=\"867\" data-lazy-type=\"image\" data-src=\"https:\/\/www.maray.cl\/wp-content\/uploads\/2021\/03\/AnyConv.com__Captura.jpg\" data-srcset=\"\" \/><\/p>\n","protected":false},"excerpt":{"rendered":"<p>Quienes fueron convocados para los pr\u00f3ximos comicios, deben asistir con su carnet de identidad y una imagen, pantallazo o impresi\u00f3n del Servel en el que&hellip; <\/p>\n","protected":false},"author":2,"featured_media":35491,"comment_status":"open","ping_status":"closed","sticky":false,"template":"","format":"standard","meta":{"footnotes":""},"categories":[38],"tags":[],"class_list":["post-37427","post","type-post","status-publish","format-standard","has-post-thumbnail","hentry","category-portada-regional"],"_links":{"self":[{"href":"https:\/\/www.radioamigavallenar.cl\/index.php?rest_route=\/wp\/v2\/posts\/37427","targetHints":{"allow":["GET"]}}],"collection":[{"href":"https:\/\/www.radioamigavallenar.cl\/index.php?rest_route=\/wp\/v2\/posts"}],"about":[{"href":"https:\/\/www.radioamigavallenar.cl\/index.php?rest_route=\/wp\/v2\/types\/post"}],"author":[{"embeddable":true,"href":"https:\/\/www.radioamigavallenar.cl\/index.php?rest_route=\/wp\/v2\/users\/2"}],"replies":[{"embeddable":true,"href":"https:\/\/www.radioamigavallenar.cl\/index.php?rest_route=%2Fwp%2Fv2%2Fcomments&post=37427"}],"version-history":[{"count":1,"href":"https:\/\/www.radioamigavallenar.cl\/index.php?rest_route=\/wp\/v2\/posts\/37427\/revisions"}],"predecessor-version":[{"id":37428,"href":"https:\/\/www.radioamigavallenar.cl\/index.php?rest_route=\/wp\/v2\/posts\/37427\/revisions\/37428"}],"wp:featuredmedia":[{"embeddable":true,"href":"https:\/\/www.radioamigavallenar.cl\/index.php?rest_route=\/wp\/v2\/media\/35491"}],"wp:attachment":[{"href":"https:\/\/www.radioamigavallenar.cl\/index.php?rest_route=%2Fwp%2Fv2%2Fmedia&parent=37427"}],"wp:term":[{"taxonomy":"category","embeddable":true,"href":"https:\/\/www.radioamigavallenar.cl\/index.php?rest_route=%2Fwp%2Fv2%2Fcategories&post=37427"},{"taxonomy":"post_tag","embeddable":true,"href":"https:\/\/www.radioamigavallenar.cl\/index.php?rest_route=%2Fwp%2Fv2%2Ftags&post=37427"}],"curies":[{"name":"wp","href":"https:\/\/api.w.org\/{rel}","templated":true}]}}