{"id":37416,"date":"2021-03-24T06:00:35","date_gmt":"2021-03-24T09:00:35","guid":{"rendered":"https:\/\/www.radioamigavallenar.cl\/?p=37416"},"modified":"2021-03-24T10:46:57","modified_gmt":"2021-03-24T13:46:57","slug":"corta-la-cadena-gobierno-lanza-campana-contra-ciberacoso-tras-aumento-de-violencia-digital-en-pandemia","status":"publish","type":"post","link":"https:\/\/www.radioamigavallenar.cl\/?p=37416","title":{"rendered":"\u201cCorta la cadena\u201d: Gobierno lanza campa\u00f1a contra ciberacoso tras aumento de violencia digital en pandemia"},"content":{"rendered":"<p>El Ministro Jaime Bellolio junto a la Fundaci\u00f3n Katy Summer presentaron los resultados del Estudio Nacional sobre el Ciberacoso en Pandemia, en donde un 49% de los j\u00f3venes entre 15 y 29 a\u00f1os reconocieron haber sido acosados virtualmente al menos una vez dentro de los \u00faltimos tres meses. De ellos, un 88% declara haber sido amenazado por internet o redes sociales dentro del mismo per\u00edodo de tiempo. Revisa los resultados ac\u00e1: www.statknows.com\/fundacionkatysummerpublico<\/p>\n<p>El Vocero de Gobierno, Jaime Bellolio, junto a la Fundaci\u00f3n Katy Summer, lanzaron esta ma\u00f1ana la campa\u00f1a contra el Ciberacoso \u201cCorta la Cadena\u201d y presentaron los resultados del Estudio Nacional sobre Ciberacoso en Pandemia.<\/p>\n<p>Esta iniciativa \u2013impulsada por el Ministerio Secretar\u00eda General de Gobierno- tuvo como objetivo recoger antecedentes sobre posibles relaciones entre ciberacoso, tendencias depresivas y patrones de uso de redes sociales entre adolescentes y j\u00f3venes de 15 a 29 a\u00f1os a lo largo de todo el pa\u00eds. Para esto, se aplic\u00f3 una encuesta v\u00eda digital a una muestra probabil\u00edstica integrada por 2.370 personas. El error muestral estimado es de 1,95%.<\/p>\n<p>Los resultados arrojaron que un 49% de los participantes reconocieron haber sido acosados virtualmente al menos una vez en los \u00faltimos tres meses. De ellos, un 88% declar\u00f3 haber sido amenazados por internet o redes sociales al menos una vez dentro del mismo per\u00edodo de tiempo.<\/p>\n<p>Respecto a los ciberacosadores, el 18% de la poblaci\u00f3n de adolescentes y j\u00f3venes confirm\u00f3 que ha acosado en los \u00faltimos tres meses una vez o m\u00e1s. De ellos, el 73% son hombres. Adem\u00e1s, el 44% de este segmento de la poblaci\u00f3n presentaba sintomatolog\u00eda indicativa de un trastorno depresivo mayor al momento de ser aplicada la encuesta.<\/p>\n<p>Al ser consultados los ciberacosados sobre sus reacciones frente a esta pr\u00e1ctica, un 42% prefiere ignorar lo que est\u00e1 pasando. Le siguen las opciones \u201cDecirle que se detuviera por el mismo medio\u201d con un 27% y \u201chacerme da\u00f1o\u201d con un 27%. Esta \u00faltima opci\u00f3n es indicada como reacci\u00f3n por el 47% de los ciberacosados entre 15 y 19 a\u00f1os. Mientras que pedir ayuda a terceras personas es una opci\u00f3n infrecuente, pues un 16% prefiere hablarlo con sus amigos, un 4% con sus padres y un 1% prefiere decirle a un profesor o inspectores.<\/p>\n<p>Ante esto, el Ministro Bellolio anunci\u00f3 urgencia a la moci\u00f3n que modifica la ley N\u00b020.370 General de Educaci\u00f3n, en materia de ciberacoso o cyberbullying. Este proyecto busca concientizar dentro de los establecimientos educacionales a los ni\u00f1os, ni\u00f1as y j\u00f3venes sobre el uso responsable de redes sociales, combatiendo todo tipo de violencia en ellas. Adem\u00e1s, entrega herramientas a la comunidad escolar para poder denunciar situaciones de ciberacoso o ciberbullying entre y hacia los alumnos.<\/p>\n<p>\u201cComo Gobierno quisimos hacer este estudio porque producto de la pandemia nuestros j\u00f3venes estuvieron mucho m\u00e1s conectados a las redes sociales y como hemos visto, sufrieron m\u00e1s el ciberacoso. Hay hoy d\u00eda una mayor visibilizaci\u00f3n pero tambi\u00e9n hubo un aumento de esa violencia digital. El proyecto de ley lo que pretende es que exista al interior de los colegios una ayuda y capacitaci\u00f3n a los distintos docentes que hoy hacen un trabajo encomiable en esta materia que es muy compleja y que tambi\u00e9n sepan de qu\u00e9 se trata cada una de las materias\u201d, asegur\u00f3 el Vocero de Gobierno.<\/p>\n<p style=\"text-align: center;\"><strong>Campa\u00f1a #CortaLaCadena<\/strong><\/p>\n<p>Ante esta situaci\u00f3n, el Ministerio Secretar\u00eda General de Gobierno decidi\u00f3 crear la campa\u00f1a \u201cCorta la Cadena\u201d, iniciativa que se difundir\u00e1 por redes sociales y que busca hacer un llamado a los j\u00f3venes y adolescentes a no ser c\u00f3mplices de esta pr\u00e1ctica.<\/p>\n<p>\u201cLo que una persona dice a trav\u00e9s de las redes sociales no sabe c\u00f3mo se lo va a tomar la persona que est\u00e1 del otro lado de la pantalla. Es por esto que queremos visibilizar este tema y queremos pasar a la acci\u00f3n. Queremos llamar a que los testigos corten la cadena, a que en vez de reenviar y seguir haciendo da\u00f1o, corten esa cadena, porque as\u00ed pasan a ser testigos salvadores, que no permiten que se siga agrandando el da\u00f1o que produce la violencia digital\u201d, sostuvo el Vocero de Gobierno.<\/p>\n<p>Por su parte Evanyely Romero y Emanuel Pacheco de la Fundaci\u00f3n Katty Summer, sostuvieron que \u201cel ciberacoso es real, no es virtual y eso afecta la salud mental de quienes lo viven y lo sufren. Es por eso que tambi\u00e9n queremos hacer un llamado a la conciencia y humildad a los pap\u00e1s y mam\u00e1s, porque tenemos que entender que hay muchas cosas que no sabemos de nuestros hijos y tenemos que entender con la mayor empat\u00eda posible\u201d.<\/p>\n<p>La campa\u00f1a cont\u00f3 con la colaboraci\u00f3n de j\u00f3venes reconocidos y con alta valoraci\u00f3n, como Tom\u00e1s Gonz\u00e1lez, gimnasta ol\u00edmpico, tiktoker y l\u00edder juvenil; Julieta Mart\u00ednez, activista en temas medioambientales, sociales y feministas; Martina Araneda, estudiante de derecho y activista contra el ciberacoso; y Vicente Gonz\u00e1lez, tiktoker<\/p>\n","protected":false},"excerpt":{"rendered":"<p>El Ministro Jaime Bellolio junto a la Fundaci\u00f3n Katy Summer presentaron los resultados del Estudio Nacional sobre el Ciberacoso en Pandemia, en donde un 49%&hellip; <\/p>\n","protected":false},"author":2,"featured_media":37417,"comment_status":"open","ping_status":"closed","sticky":false,"template":"","format":"standard","meta":{"footnotes":""},"categories":[37],"tags":[],"class_list":["post-37416","post","type-post","status-publish","format-standard","has-post-thumbnail","hentry","category-nacional"],"_links":{"self":[{"href":"https:\/\/www.radioamigavallenar.cl\/index.php?rest_route=\/wp\/v2\/posts\/37416","targetHints":{"allow":["GET"]}}],"collection":[{"href":"https:\/\/www.radioamigavallenar.cl\/index.php?rest_route=\/wp\/v2\/posts"}],"about":[{"href":"https:\/\/www.radioamigavallenar.cl\/index.php?rest_route=\/wp\/v2\/types\/post"}],"author":[{"embeddable":true,"href":"https:\/\/www.radioamigavallenar.cl\/index.php?rest_route=\/wp\/v2\/users\/2"}],"replies":[{"embeddable":true,"href":"https:\/\/www.radioamigavallenar.cl\/index.php?rest_route=%2Fwp%2Fv2%2Fcomments&post=37416"}],"version-history":[{"count":2,"href":"https:\/\/www.radioamigavallenar.cl\/index.php?rest_route=\/wp\/v2\/posts\/37416\/revisions"}],"predecessor-version":[{"id":37419,"href":"https:\/\/www.radioamigavallenar.cl\/index.php?rest_route=\/wp\/v2\/posts\/37416\/revisions\/37419"}],"wp:featuredmedia":[{"embeddable":true,"href":"https:\/\/www.radioamigavallenar.cl\/index.php?rest_route=\/wp\/v2\/media\/37417"}],"wp:attachment":[{"href":"https:\/\/www.radioamigavallenar.cl\/index.php?rest_route=%2Fwp%2Fv2%2Fmedia&parent=37416"}],"wp:term":[{"taxonomy":"category","embeddable":true,"href":"https:\/\/www.radioamigavallenar.cl\/index.php?rest_route=%2Fwp%2Fv2%2Fcategories&post=37416"},{"taxonomy":"post_tag","embeddable":true,"href":"https:\/\/www.radioamigavallenar.cl\/index.php?rest_route=%2Fwp%2Fv2%2Ftags&post=37416"}],"curies":[{"name":"wp","href":"https:\/\/api.w.org\/{rel}","templated":true}]}}