{"id":37403,"date":"2021-03-24T08:30:38","date_gmt":"2021-03-24T11:30:38","guid":{"rendered":"https:\/\/www.radioamigavallenar.cl\/?p=37403"},"modified":"2021-03-24T08:30:38","modified_gmt":"2021-03-24T11:30:38","slug":"sename-pide-imagenes-de-residencia-donde-habria-ocurrido-seria-agresion-contra-nino","status":"publish","type":"post","link":"https:\/\/www.radioamigavallenar.cl\/?p=37403","title":{"rendered":"Sename pide im\u00e1genes de residencia donde habr\u00eda ocurrido seria agresi\u00f3n contra ni\u00f1o"},"content":{"rendered":"<p>La noche del martes, el <strong>Sename Metropolitano anunci\u00f3 que inici\u00f3 una investigaci\u00f3n<\/strong>\u00a0en torno a la agresi\u00f3n contra un ni\u00f1o que se habr\u00eda registrado en una residencia de Providencia ayer lunes.<\/p>\n<p>A trav\u00e9s de un comunicado, el organismo indic\u00f3 que\u00a0<strong>ya solicit\u00f3 la entrega \u201cde las im\u00e1genes\u201d del recinto<\/strong>\u00a0en el marco de la indagaci\u00f3n.<\/p>\n<p>\u201cDe acuerdo a antecedentes preliminares, el problema se origina\u00a0<strong>producto de una situaci\u00f3n familiar grave que afect\u00f3 a uno de los ni\u00f1os<\/strong>, pero es importante informar que actualmente los ni\u00f1os se encuentran bien y anoche durmieron tranquilamente\u201d, indicaron en el escrito.<\/p>\n<p>\u201cSin perjuicio, la\u00a0<strong>investigaci\u00f3n continua con el fin de esclarecer y determinar<\/strong>\u00a0que las intervenciones con los ni\u00f1os se hayan ajustado a los protocolos establecidos para estos casos y determinar o descartar eventuales responsabilidades\u201d, a\u00f1adieron.<\/p>\n<p>El video que denuncia la presunta agresi\u00f3n habr\u00eda sido grabado por vecinos ante los\u00a0<strong>gritos del menor, que quedaron plasmados en el registro<\/strong>.<\/p>\n<p><strong>\u201cLas im\u00e1genes difundidas nos preocupan y conmueven<\/strong>, ya que nuestro principal objetivo es y ser\u00e1 siempre proteger los derechos de los ni\u00f1os, ni\u00f1as y adolescentes\u201d, comentaron desde el Sename al respecto.<\/p>\n<p><strong>\u201cPedimos a la ciudadan\u00eda su colaboraci\u00f3n, apoyo y empat\u00eda<\/strong>\u00a0para resguardar la zona de protecci\u00f3n de los ni\u00f1os y ni\u00f1as que viven en esta residencia\u201d, solicit\u00f3 el Sename en su declaraci\u00f3n.<\/p>\n","protected":false},"excerpt":{"rendered":"<p>La noche del martes, el Sename Metropolitano anunci\u00f3 que inici\u00f3 una investigaci\u00f3n\u00a0en torno a la agresi\u00f3n contra un ni\u00f1o que se habr\u00eda registrado en una&hellip; <\/p>\n","protected":false},"author":2,"featured_media":31453,"comment_status":"open","ping_status":"closed","sticky":false,"template":"","format":"standard","meta":{"footnotes":""},"categories":[37],"tags":[],"class_list":["post-37403","post","type-post","status-publish","format-standard","has-post-thumbnail","hentry","category-nacional"],"_links":{"self":[{"href":"https:\/\/www.radioamigavallenar.cl\/index.php?rest_route=\/wp\/v2\/posts\/37403","targetHints":{"allow":["GET"]}}],"collection":[{"href":"https:\/\/www.radioamigavallenar.cl\/index.php?rest_route=\/wp\/v2\/posts"}],"about":[{"href":"https:\/\/www.radioamigavallenar.cl\/index.php?rest_route=\/wp\/v2\/types\/post"}],"author":[{"embeddable":true,"href":"https:\/\/www.radioamigavallenar.cl\/index.php?rest_route=\/wp\/v2\/users\/2"}],"replies":[{"embeddable":true,"href":"https:\/\/www.radioamigavallenar.cl\/index.php?rest_route=%2Fwp%2Fv2%2Fcomments&post=37403"}],"version-history":[{"count":1,"href":"https:\/\/www.radioamigavallenar.cl\/index.php?rest_route=\/wp\/v2\/posts\/37403\/revisions"}],"predecessor-version":[{"id":37404,"href":"https:\/\/www.radioamigavallenar.cl\/index.php?rest_route=\/wp\/v2\/posts\/37403\/revisions\/37404"}],"wp:featuredmedia":[{"embeddable":true,"href":"https:\/\/www.radioamigavallenar.cl\/index.php?rest_route=\/wp\/v2\/media\/31453"}],"wp:attachment":[{"href":"https:\/\/www.radioamigavallenar.cl\/index.php?rest_route=%2Fwp%2Fv2%2Fmedia&parent=37403"}],"wp:term":[{"taxonomy":"category","embeddable":true,"href":"https:\/\/www.radioamigavallenar.cl\/index.php?rest_route=%2Fwp%2Fv2%2Fcategories&post=37403"},{"taxonomy":"post_tag","embeddable":true,"href":"https:\/\/www.radioamigavallenar.cl\/index.php?rest_route=%2Fwp%2Fv2%2Ftags&post=37403"}],"curies":[{"name":"wp","href":"https:\/\/api.w.org\/{rel}","templated":true}]}}