{"id":37400,"date":"2021-03-24T08:17:16","date_gmt":"2021-03-24T11:17:16","guid":{"rendered":"https:\/\/www.radioamigavallenar.cl\/?p=37400"},"modified":"2021-03-24T08:17:16","modified_gmt":"2021-03-24T11:17:16","slug":"core-atacama-destaca-obras-patrimoniales-proximas-a-su-inauguracion","status":"publish","type":"post","link":"https:\/\/www.radioamigavallenar.cl\/?p=37400","title":{"rendered":"CORE Atacama destaca obras patrimoniales pr\u00f3ximas a su inauguraci\u00f3n"},"content":{"rendered":"<p>Una serie de obras patrimoniales financiadas con recursos del Fondo Nacional de Desarrollo Regional, FNDR, ser\u00e1n inauguradas durante los pr\u00f3ximos d\u00edas en Atacama. Los proyectos, junto con resaltar su aporte patrimonial y cultural a las comunidades, significaron adem\u00e1s generaci\u00f3n de mano de obra loca y reactivaci\u00f3n econ\u00f3mica.<\/p>\n<p>De acuerdo a esto, en representaci\u00f3n del Consejo Regional de Atacama, su Presidenta Ruth Vega, destac\u00f3 que \u201cpara este Consejo es de gran relevancia la materializaci\u00f3n de iniciativas de reposici\u00f3n y restauraci\u00f3n de importantes obras que tienen relaci\u00f3n con la educaci\u00f3n y la cultura. En particular del rescate de nuestro patrimonio en comunas como Copiap\u00f3, Caldera y Cha\u00f1aral, con inversi\u00f3n regional del FNDR aprobada por los Consejeros y Consejeras de Atacama. Junto a ello, los trabajos permiten generar empleo y reactivaci\u00f3n econ\u00f3mica tan necesario en los tiempos que estamos viviendo producto de la pandemia\u201d.<\/p>\n<p>Del mismo modo, la autoridad agreg\u00f3 que \u201cmediante el compromiso permanente del CORE Atacama por apoyar iniciativas como \u00e9stas, donde se logra beneficiar a un gran n\u00famero de personas, entre adultos mayores, estudiantes y vecinos en general, se concretaron bibliotecas p\u00fablicas completamente remodeladas, como en el caso de Caldera, con recursos sobre los 354 millones 955 mil pesos, o nuevos recintos con gran nivel arquitect\u00f3nico, como la reciente inaugurada biblioteca de Cha\u00f1aral, por 2.902 millones 807 mil 775 pesos\u201d.<\/p>\n<p style=\"text-align: center;\"><strong>OBRAS<\/strong><\/p>\n<p>Una de estas grandes obras es la famosa \u201cCasa Maldini\u201d, declarada el 2008 monumento nacional en la categor\u00eda monumento hist\u00f3rico. La restauraci\u00f3n del inmueble, ubicado en Copiap\u00f3, podr\u00e1 ser utilizado como Centro Cultural, administrado por la Universidad de Atacama. Las obras estuvieron a cargo del Mop Atacama, mediante su Direcci\u00f3n de Arquitectura. La inversi\u00f3n fue de 1.663 millones 636 mil 602 pesos, financiada a trav\u00e9s del FNDR y la provisi\u00f3n de la Subsecretaria de Desarrollo Regional.<\/p>\n<p>La Presidenta del CORE Atacama, Ruth Vega, coment\u00f3 que \u201clos beneficiarios de esta importante obra son todos los vecinos y vecinas de Copiap\u00f3, as\u00ed como de la regi\u00f3n, quienes tendr\u00e1n la posibilidad de visitar una obra de gran valor patrimonial y riqueza urbana. Nos parece necesario recuperar este tipo de construcciones y devolverle a Atacama su identidad hist\u00f3rica\u201d, resalt\u00f3 la Consejera Regional.<\/p>\n<p>Otra de las obras, que ser\u00e1n inauguradas pr\u00f3ximamente, es la ampliaci\u00f3n y adecuaci\u00f3n de la Biblioteca P\u00fablica Municipal de Caldera \u201cCarlos Mar\u00eda Sayago\u201d, con recursos FNDR por sobre los 354 millones 955 mil pesos. Un espacio que permitir\u00e1 seguir fortaleciendo el desarrollo de la cultura y la educaci\u00f3n de sus habitantes.<\/p>\n<p>Los trabajos consideraron mejoras constructivas y funcionales del actual edificio emplazado en calle Cousi\u00f1o, en el puerto de Caldera. Adem\u00e1s, se recuper\u00f3 el espacio p\u00fablico, con mayor seguridad y acceso a las personas para poder visitar este sitio hist\u00f3rico.<\/p>\n<p>Sobre esta obra, Ruth Vega, Presidenta del CORE Atacama, mencion\u00f3 que \u201ceste es un proyecto ampliamente esperado por la comunidad y sus autoridades locales, donde la inversi\u00f3n fue esencial para poder ejecutar una serie de obras en el recinto como remodelaci\u00f3n y habitabilidad de dos salones interiores y un patio techado de la edificaci\u00f3n, con una superficie de 397m2 aproximadamente. Nos parece muy apropiada la iniciativa porque contribuir\u00e1 a un recinto que ser\u00e1 muy valorado y atesorado por vecinos y visitantes en general\u201d.<\/p>\n<p>Finalmente, la autoridad del Consejo Regional de Atacama, resalt\u00f3 la reci\u00e9n inaugurada biblioteca p\u00fablica de Cha\u00f1aral, con una inversi\u00f3n de 2.902 millones 807 mil 775 pesos, donde se ver\u00e1n favorecidos los m\u00e1s de 13 mil habitantes de la comuna. \u201cComo CORE valoramos este proyecto terminado, una obra donde se consideraron espacios de lectura, de capacitaci\u00f3n, de actividades, entre otros. Un recinto para los distintos usos de la comunidad y que conecta con los monumentos nacionales existentes en el sector, como son la Iglesia de Cha\u00f1aral y la Casa Molina\u201d, concluy\u00f3 la Consejera Regional Ruth Vega.<\/p>\n","protected":false},"excerpt":{"rendered":"<p>Una serie de obras patrimoniales financiadas con recursos del Fondo Nacional de Desarrollo Regional, FNDR, ser\u00e1n inauguradas durante los pr\u00f3ximos d\u00edas en Atacama. Los proyectos,&hellip; <\/p>\n","protected":false},"author":2,"featured_media":37401,"comment_status":"open","ping_status":"closed","sticky":false,"template":"","format":"standard","meta":{"footnotes":""},"categories":[7],"tags":[],"class_list":["post-37400","post","type-post","status-publish","format-standard","has-post-thumbnail","hentry","category-atacama"],"_links":{"self":[{"href":"https:\/\/www.radioamigavallenar.cl\/index.php?rest_route=\/wp\/v2\/posts\/37400","targetHints":{"allow":["GET"]}}],"collection":[{"href":"https:\/\/www.radioamigavallenar.cl\/index.php?rest_route=\/wp\/v2\/posts"}],"about":[{"href":"https:\/\/www.radioamigavallenar.cl\/index.php?rest_route=\/wp\/v2\/types\/post"}],"author":[{"embeddable":true,"href":"https:\/\/www.radioamigavallenar.cl\/index.php?rest_route=\/wp\/v2\/users\/2"}],"replies":[{"embeddable":true,"href":"https:\/\/www.radioamigavallenar.cl\/index.php?rest_route=%2Fwp%2Fv2%2Fcomments&post=37400"}],"version-history":[{"count":1,"href":"https:\/\/www.radioamigavallenar.cl\/index.php?rest_route=\/wp\/v2\/posts\/37400\/revisions"}],"predecessor-version":[{"id":37402,"href":"https:\/\/www.radioamigavallenar.cl\/index.php?rest_route=\/wp\/v2\/posts\/37400\/revisions\/37402"}],"wp:featuredmedia":[{"embeddable":true,"href":"https:\/\/www.radioamigavallenar.cl\/index.php?rest_route=\/wp\/v2\/media\/37401"}],"wp:attachment":[{"href":"https:\/\/www.radioamigavallenar.cl\/index.php?rest_route=%2Fwp%2Fv2%2Fmedia&parent=37400"}],"wp:term":[{"taxonomy":"category","embeddable":true,"href":"https:\/\/www.radioamigavallenar.cl\/index.php?rest_route=%2Fwp%2Fv2%2Fcategories&post=37400"},{"taxonomy":"post_tag","embeddable":true,"href":"https:\/\/www.radioamigavallenar.cl\/index.php?rest_route=%2Fwp%2Fv2%2Ftags&post=37400"}],"curies":[{"name":"wp","href":"https:\/\/api.w.org\/{rel}","templated":true}]}}