{"id":37398,"date":"2021-03-24T06:00:56","date_gmt":"2021-03-24T09:00:56","guid":{"rendered":"https:\/\/www.radioamigavallenar.cl\/?p=37398"},"modified":"2021-03-23T21:02:10","modified_gmt":"2021-03-24T00:02:10","slug":"tercer-retiro-diputados-ingresan-nuevo-proyecto-con-innovadora-tecnica-para-sortear-el-tc","status":"publish","type":"post","link":"https:\/\/www.radioamigavallenar.cl\/?p=37398","title":{"rendered":"Tercer retiro: Diputados ingresan nuevo proyecto con \u00abinnovadora\u00bb t\u00e9cnica para sortear el TC"},"content":{"rendered":"<div class=\"contenedor-bajada\">\n<div class=\"texto-bajada\">\n<p>Iniciativa modifica el estatus de \u00abtransitorio\u00bb de la reforma que a mediados de 2020 habilit\u00f3 el primer giro de ahorros previsionales.<\/p>\n<p>Ra\u00fal Soto (PPD), uno de sus impulsores, explic\u00f3 que se trata de una carta \u00aben caso de que no se alcance el qu\u00f3rum necesario para los cinco proyectos que ya est\u00e1n por debatirse\u00bb.<\/p>\n<p>Un grupo de diputados de oposici\u00f3n ingres\u00f3 al Congreso Nacional un\u00a0<strong>nuevo proyecto de ley<\/strong>\u00a0que, mediante una \u00abt\u00e9cnica innovadora\u00bb, busca\u00a0<strong>permitir un tercer retiro del 10 por ciento de los ahorros previsionales, a trav\u00e9s de la modificaci\u00f3n del estatus de \u00abtransitorio\u00bb que posee la reforma constitucional que habilit\u00f3 el primer giro<\/strong>\u00a0a mediados de 2020, estableciendo un m\u00e1ximo de dos transacciones con esa misma legislaci\u00f3n.<\/p>\n<p>Seg\u00fan explic\u00f3 el diputado<strong>\u00a0Ra\u00fal Soto<\/strong>\u00a0(PPD), la propuesta\u00a0<strong>podr\u00eda sortear el Tribunal Constitucional (TC)<\/strong>, en caso de que el Gobierno, muy cr\u00edtico de este tipo de iniciativas, recurra a dicha instancia para fustrar su aplicaci\u00f3n.<\/p>\n<p>En ese sentido, el legislador se\u00f1al\u00f3 que se trata de una carta\u00a0<strong>\u00aben caso de que no se alcance el qu\u00f3rum necesario para los cinco proyectos que ya est\u00e1n por debatirse<\/strong>\u00a0a partir de ma\u00f1ana mi\u00e9rcoles\u00bb en la Comisi\u00f3n de Constituci\u00f3n de la C\u00e1mara Baja.<\/p>\n<p>\u00abEste proyecto plantea una t\u00e9cnica legislativa innovadora y nueva que queremos poner en debate: ya no es un nuevo art\u00edculo transitorio en la Constituci\u00f3n ni una reforma permanente, como planteamos en el tercer proyecto presentado hace una semanas atr\u00e1s, sino que en esta oportunidad es\u00a0<strong>una reforma directa al art\u00edculo transitorio 39\u00b0 de la Constituci\u00f3n, que ya est\u00e1 aprobado y fue declarado inconstitucional y fue promulgado por el Presidente Pi\u00f1era, respecto al primer retiro de las AFP<\/strong>\u00ab, indic\u00f3 Soto.<\/p>\n<\/div>\n<\/div>\n<p>En concreto, el nuevo proyecto argumenta que \u00abtoma como base la Disposici\u00f3n Transitoria Trig\u00e9simo Novena en menci\u00f3n, la cual est\u00e1 consagrada como una norma constitucional de similar rango a las disposiciones permanentes de la Carta Fundamental, estableciendo, ahora,\u00a0<strong>el derecho a ejercer hasta por dos veces, un retiro parcial de fondos provenientes desde el ahorro previsional para todos quienes tengan la necesidad de recurrir a dichos dineros, que, dicho sea de paso, pertenecen a los propios cotizantes\u00bb.<\/strong><\/p>\n<p>De igual forma, sostiene que \u00abbusca eliminar la restricci\u00f3n de temporalidad existente dentro de lo prescrito en la Disposici\u00f3n Transitoria Trig\u00e9simo Novena, estableciendo la posibilidad permanente de ejercer el derecho a retiro sin que este deba realizarse dentro del plazo previamente establecido de 365 d\u00edas contados desde la publicaci\u00f3n de dicha norma\u00bb.<\/p>\n<p>Adem\u00e1s, se<strong>\u00a0fortalece la idea de facilitar la retenci\u00f3n de fondos para solventar deudas de obligaciones alimenticias incumplidas<\/strong>, pudiendo aplicarse plenamente lo dispuesto en la ley 21.254 que establece disposiciones transitorias de regulaci\u00f3n de medidas de retenci\u00f3n judicial de fondos previsionales y de suspensi\u00f3n de la tramitaci\u00f3n de la solicitud de retiro de fondos en raz\u00f3n de deudas por obligaciones alimentarias.<\/p>\n<p>Finalmente, el texto agrega la propuesta de\u00a0<strong>posibilitar un retiro de fondos a personas que optaron por la modalidad de rentas vitalicias<\/strong>, adem\u00e1s de prohibir el giro a quienes reciben remuneraciones en virtud del art\u00edculo 38 bis.<\/p>\n","protected":false},"excerpt":{"rendered":"<p>Iniciativa modifica el estatus de \u00abtransitorio\u00bb de la reforma que a mediados de 2020 habilit\u00f3 el primer giro de ahorros previsionales. Ra\u00fal Soto (PPD), uno&hellip; <\/p>\n","protected":false},"author":2,"featured_media":26988,"comment_status":"open","ping_status":"closed","sticky":false,"template":"","format":"standard","meta":{"footnotes":""},"categories":[37],"tags":[],"class_list":["post-37398","post","type-post","status-publish","format-standard","has-post-thumbnail","hentry","category-nacional"],"_links":{"self":[{"href":"https:\/\/www.radioamigavallenar.cl\/index.php?rest_route=\/wp\/v2\/posts\/37398","targetHints":{"allow":["GET"]}}],"collection":[{"href":"https:\/\/www.radioamigavallenar.cl\/index.php?rest_route=\/wp\/v2\/posts"}],"about":[{"href":"https:\/\/www.radioamigavallenar.cl\/index.php?rest_route=\/wp\/v2\/types\/post"}],"author":[{"embeddable":true,"href":"https:\/\/www.radioamigavallenar.cl\/index.php?rest_route=\/wp\/v2\/users\/2"}],"replies":[{"embeddable":true,"href":"https:\/\/www.radioamigavallenar.cl\/index.php?rest_route=%2Fwp%2Fv2%2Fcomments&post=37398"}],"version-history":[{"count":1,"href":"https:\/\/www.radioamigavallenar.cl\/index.php?rest_route=\/wp\/v2\/posts\/37398\/revisions"}],"predecessor-version":[{"id":37399,"href":"https:\/\/www.radioamigavallenar.cl\/index.php?rest_route=\/wp\/v2\/posts\/37398\/revisions\/37399"}],"wp:featuredmedia":[{"embeddable":true,"href":"https:\/\/www.radioamigavallenar.cl\/index.php?rest_route=\/wp\/v2\/media\/26988"}],"wp:attachment":[{"href":"https:\/\/www.radioamigavallenar.cl\/index.php?rest_route=%2Fwp%2Fv2%2Fmedia&parent=37398"}],"wp:term":[{"taxonomy":"category","embeddable":true,"href":"https:\/\/www.radioamigavallenar.cl\/index.php?rest_route=%2Fwp%2Fv2%2Fcategories&post=37398"},{"taxonomy":"post_tag","embeddable":true,"href":"https:\/\/www.radioamigavallenar.cl\/index.php?rest_route=%2Fwp%2Fv2%2Ftags&post=37398"}],"curies":[{"name":"wp","href":"https:\/\/api.w.org\/{rel}","templated":true}]}}