{"id":37396,"date":"2021-03-24T06:00:36","date_gmt":"2021-03-24T09:00:36","guid":{"rendered":"https:\/\/www.radioamigavallenar.cl\/?p=37396"},"modified":"2021-03-23T20:57:45","modified_gmt":"2021-03-23T23:57:45","slug":"diputado-juan-santana-pide-suspension-de-clases-presenciales-en-atacama","status":"publish","type":"post","link":"https:\/\/www.radioamigavallenar.cl\/?p=37396","title":{"rendered":"Diputado Juan Santana pide suspensi\u00f3n de clases presenciales en Atacama"},"content":{"rendered":"<p><strong>El parlamentario por Atacama envi\u00f3 una carta a la Seremi de Educaci\u00f3n de la regi\u00f3n, Silvia \u00c1lvarez, para que se tome esta medida antes que colapse el sistema de salud.<\/strong><span id=\"more-136134\"><\/span><\/p>\n<p>El diputado por la regi\u00f3n de Atacama, Juan Santana, mostr\u00f3 su preocupaci\u00f3n por distintos brotes de coronavirus en la zona, por lo que solicit\u00f3 a la Seremi de Educaci\u00f3n, Silvia \u00c1lvarez, que se dicten medidas concretas para evitar que la situaci\u00f3n empeore.<\/p>\n<p>Es por ello que el presidente de la Comisi\u00f3n de Educaci\u00f3n de la C\u00e1mara le hizo llegar una carta donde se\u00f1ala que \u201cen la Provincia del Huasco se han suspendido las clases presenciales de al menos tres establecimientos (Liceo de Alto del Carmen, Escuela Cristiana B\u00e1sica Bethel y Escuela Gregorio Castillo Mar\u00edn), y la misma situaci\u00f3n se ha producido con colegios y escuelas de Copiap\u00f3 y Cha\u00f1aral\u201d.<\/p>\n<p>Adem\u00e1s, la misiva agrega que \u201cante este escenario de incremento sostenido de casos en Atacama, de indisponibilidad de camas UCI y en consideraci\u00f3n a la forma en que el virus se transmite, resulta conveniente suspender las clases presenciales en todos los establecimientos educacionales de la regi\u00f3n, antes de que se profundice la saturaci\u00f3n del sistema de salud y se ponga en riesgo la salud de docentes, asistentes de la educaci\u00f3n y del conjunto de las comunidades escolares\u201d.<\/p>\n<p>Para cerrar el escrito, Santana expone que \u201cnuestros esfuerzos deben concentrarse en garantizar el acceso igualitario de las y los ni\u00f1os a los recursos educativos, a trav\u00e9s de medios tecnol\u00f3gicos id\u00f3neos, de tal forma, que se asegure la protecci\u00f3n del derecho de la educaci\u00f3n\u201d.<\/p>\n","protected":false},"excerpt":{"rendered":"<p>El parlamentario por Atacama envi\u00f3 una carta a la Seremi de Educaci\u00f3n de la regi\u00f3n, Silvia \u00c1lvarez, para que se tome esta medida antes que&hellip; <\/p>\n","protected":false},"author":2,"featured_media":33008,"comment_status":"open","ping_status":"closed","sticky":false,"template":"","format":"standard","meta":{"footnotes":""},"categories":[7],"tags":[],"class_list":["post-37396","post","type-post","status-publish","format-standard","has-post-thumbnail","hentry","category-atacama"],"_links":{"self":[{"href":"https:\/\/www.radioamigavallenar.cl\/index.php?rest_route=\/wp\/v2\/posts\/37396","targetHints":{"allow":["GET"]}}],"collection":[{"href":"https:\/\/www.radioamigavallenar.cl\/index.php?rest_route=\/wp\/v2\/posts"}],"about":[{"href":"https:\/\/www.radioamigavallenar.cl\/index.php?rest_route=\/wp\/v2\/types\/post"}],"author":[{"embeddable":true,"href":"https:\/\/www.radioamigavallenar.cl\/index.php?rest_route=\/wp\/v2\/users\/2"}],"replies":[{"embeddable":true,"href":"https:\/\/www.radioamigavallenar.cl\/index.php?rest_route=%2Fwp%2Fv2%2Fcomments&post=37396"}],"version-history":[{"count":1,"href":"https:\/\/www.radioamigavallenar.cl\/index.php?rest_route=\/wp\/v2\/posts\/37396\/revisions"}],"predecessor-version":[{"id":37397,"href":"https:\/\/www.radioamigavallenar.cl\/index.php?rest_route=\/wp\/v2\/posts\/37396\/revisions\/37397"}],"wp:featuredmedia":[{"embeddable":true,"href":"https:\/\/www.radioamigavallenar.cl\/index.php?rest_route=\/wp\/v2\/media\/33008"}],"wp:attachment":[{"href":"https:\/\/www.radioamigavallenar.cl\/index.php?rest_route=%2Fwp%2Fv2%2Fmedia&parent=37396"}],"wp:term":[{"taxonomy":"category","embeddable":true,"href":"https:\/\/www.radioamigavallenar.cl\/index.php?rest_route=%2Fwp%2Fv2%2Fcategories&post=37396"},{"taxonomy":"post_tag","embeddable":true,"href":"https:\/\/www.radioamigavallenar.cl\/index.php?rest_route=%2Fwp%2Fv2%2Ftags&post=37396"}],"curies":[{"name":"wp","href":"https:\/\/api.w.org\/{rel}","templated":true}]}}