{"id":37394,"date":"2021-03-24T06:00:02","date_gmt":"2021-03-24T09:00:02","guid":{"rendered":"https:\/\/www.radioamigavallenar.cl\/?p=37394"},"modified":"2021-03-23T20:55:46","modified_gmt":"2021-03-23T23:55:46","slug":"destinaran-mas-900-millones-a-la-atencion-primaria-de-salud-para-continuar-enfrentando-la-pandemia-en-atacama","status":"publish","type":"post","link":"https:\/\/www.radioamigavallenar.cl\/?p=37394","title":{"rendered":"Destinar\u00e1n m\u00e1s $900 millones a la atenci\u00f3n primaria de salud para continuar enfrentando la pandemia en Atacama"},"content":{"rendered":"<p>Con el objetivo de seguir entregando una atenci\u00f3n oportuna y de calidad en la Atenci\u00f3n Primaria de Salud (APS), Servicio de Salud realizar\u00e1 una inversi\u00f3n de m\u00e1s de 900 millones a los distintos Centros de Salud de la regi\u00f3n para continuar potenciando las estrategias de refuerzo Covid19.<\/p>\n<p>Al respecto el Claudio Baeza, Director del Servicio de Salud, manifest\u00f3: \u201cQueremos seguir velando y protegiendo a nuestra comunidad por lo que esta inversi\u00f3n por $985.526.884 viene a reforzar a la Atenci\u00f3n Primaria de Salud durante este a\u00f1o 2021 facilitando la atenci\u00f3n cl\u00ednica precoz, oportuna y de calidad a las personas afectadas por Covid 19 asegurando la continuidad de los cuidados a los pacientes y a su vez protegiendo a los funcionarios de la salud\u201d.<\/p>\n<p>Estos recursos abarcar\u00e1n estrategias y programas como la entrega de medicamentos y programas alimentarios en domicilio, rehabilitaci\u00f3n a pacientes con Covid19, Atenci\u00f3n Domiciliaria Compleja, contrataci\u00f3n de recursos humanos como m\u00e9dicos y kinesi\u00f3logos, Unidades de Observaci\u00f3n Prolongada, entre otros m\u00e1s.<\/p>\n<p>\u201cEste plan de refuerzo permitir\u00e1 que muchos pacientes que son parte de la Atenci\u00f3n Primaria con necesidades de salud impostergable se queden en sus casas y sean atendidos por equipos de Atenci\u00f3n Domiciliaria y as\u00ed no se expongan al contagio de coronavirus o alguna otra enfermedad respiratoria. Por otro lado, tambi\u00e9n se brindar\u00e1 atenci\u00f3n compleja a pacientes confirmados de Covid19 que requieren atenci\u00f3n en domicilio con apoyo de oxigenoterapia ambulatoria, entre otros programas m\u00e1s.\u201d detall\u00f3 el Director Claudio Baeza.<\/p>\n<p>Estrategia que forma parte de una serie de acciones que ha implementado el Servicio de Salud de Atacama desde que comenz\u00f3 la pandemia como el Fono gratuito Atacama Salud 800 360 335, el cual es atendido por completo equipo de m\u00e9dicos, psic\u00f3logos, enfermeros y odont\u00f3logos de lunes a viernes desde las 8.30 hrs hasta las 17.30 hrs.<\/p>\n","protected":false},"excerpt":{"rendered":"<p>Con el objetivo de seguir entregando una atenci\u00f3n oportuna y de calidad en la Atenci\u00f3n Primaria de Salud (APS), Servicio de Salud realizar\u00e1 una inversi\u00f3n&hellip; <\/p>\n","protected":false},"author":2,"featured_media":25026,"comment_status":"open","ping_status":"closed","sticky":false,"template":"","format":"standard","meta":{"footnotes":""},"categories":[7],"tags":[],"class_list":["post-37394","post","type-post","status-publish","format-standard","has-post-thumbnail","hentry","category-atacama"],"_links":{"self":[{"href":"https:\/\/www.radioamigavallenar.cl\/index.php?rest_route=\/wp\/v2\/posts\/37394","targetHints":{"allow":["GET"]}}],"collection":[{"href":"https:\/\/www.radioamigavallenar.cl\/index.php?rest_route=\/wp\/v2\/posts"}],"about":[{"href":"https:\/\/www.radioamigavallenar.cl\/index.php?rest_route=\/wp\/v2\/types\/post"}],"author":[{"embeddable":true,"href":"https:\/\/www.radioamigavallenar.cl\/index.php?rest_route=\/wp\/v2\/users\/2"}],"replies":[{"embeddable":true,"href":"https:\/\/www.radioamigavallenar.cl\/index.php?rest_route=%2Fwp%2Fv2%2Fcomments&post=37394"}],"version-history":[{"count":1,"href":"https:\/\/www.radioamigavallenar.cl\/index.php?rest_route=\/wp\/v2\/posts\/37394\/revisions"}],"predecessor-version":[{"id":37395,"href":"https:\/\/www.radioamigavallenar.cl\/index.php?rest_route=\/wp\/v2\/posts\/37394\/revisions\/37395"}],"wp:featuredmedia":[{"embeddable":true,"href":"https:\/\/www.radioamigavallenar.cl\/index.php?rest_route=\/wp\/v2\/media\/25026"}],"wp:attachment":[{"href":"https:\/\/www.radioamigavallenar.cl\/index.php?rest_route=%2Fwp%2Fv2%2Fmedia&parent=37394"}],"wp:term":[{"taxonomy":"category","embeddable":true,"href":"https:\/\/www.radioamigavallenar.cl\/index.php?rest_route=%2Fwp%2Fv2%2Fcategories&post=37394"},{"taxonomy":"post_tag","embeddable":true,"href":"https:\/\/www.radioamigavallenar.cl\/index.php?rest_route=%2Fwp%2Fv2%2Ftags&post=37394"}],"curies":[{"name":"wp","href":"https:\/\/api.w.org\/{rel}","templated":true}]}}