{"id":37392,"date":"2021-03-24T06:00:50","date_gmt":"2021-03-24T09:00:50","guid":{"rendered":"https:\/\/www.radioamigavallenar.cl\/?p=37392"},"modified":"2021-03-23T20:54:46","modified_gmt":"2021-03-23T23:54:46","slug":"sinovac-afirma-que-su-vacuna-contra-el-covid-19-es-segura-para-ninos-desde-los-3-anos","status":"publish","type":"post","link":"https:\/\/www.radioamigavallenar.cl\/?p=37392","title":{"rendered":"Sinovac afirma que su vacuna contra el Covid-19 es segura para ni\u00f1os desde los 3 a\u00f1os"},"content":{"rendered":"<p>El laboratorio chino inform\u00f3 los resultados preliminares de ensayos en menores de edad, los que fueron enviados al regulador del gigante asi\u00e1tico.<span id=\"more-244006\"><\/span><\/p>\n<p>El\u00a0<strong>laboratorio chino Sinovac\u00a0Life Sciences afirm\u00f3 que su vacuna contra el Covid-19, la CoronaVac, es segura para ni\u00f1os de entre 3 y 17 a\u00f1os<\/strong>, seg\u00fan resultados preliminares.<\/p>\n<p>La compa\u00f1\u00eda envi\u00f3 a la agencia china reguladora de medicamento los datos de los\u00a0<strong>ensayos de fase inicial e intermedia aplicados en m\u00e1s de 550 sujetos<\/strong>, que mostraron que la vacuna provocar\u00eda una respuesta inmune, explic\u00f3 a la prensa\u00a0<strong>Gang Zeng<\/strong>, director m\u00e9dico de Sinovac.<\/p>\n<p>Dos peque\u00f1os, uno de 3 a\u00f1os y otro de 6, presentaron fiebre alta en respuesta a la inoculaci\u00f3n, pero el resto registr\u00f3 s\u00edntomas moderados, puntualiz\u00f3 el directivo,\u00a0de acuerdo con\u00a0<em>Associated Press.<\/em><\/p>\n<p>\u00abMostrar que la vacuna es segura y que producir\u00eda una respuesta inmune potencialmente \u00fatil contra el SARS-CoV-2 es\u00a0<strong>algo a celebrar<\/strong>\u00a0mucho\u00bb, destac\u00f3 Eng Eong Ooi, profesor de la Facultad de Medicina de Duke NUS en Singapur, quien codirige el desarrollo de otra vacuna contra la enfermedad.<\/p>\n<p>Pero, precis\u00f3, los datos publicados por la compa\u00f1\u00eda china no bastan para dar una respuesta concluyente a los hallazgos.<\/p>\n<p>La\u00a0<strong>CoronaVac est\u00e1 indicada hasta ahora para personas desde los 18 a\u00f1os<\/strong>\u00a0y sin tope de edad. Ya ha sido aprobada, adem\u00e1s de China, en Chile, Brasil, M\u00e9xico, Colombia, Indonesia y Turqu\u00eda.<\/p>\n<p>A la fecha, se han distribuido m\u00e1s de 70 millones de dosis de est\u00e1 vacuna en China y otros pa\u00edses, de las cuales\u00a0<strong>12 millones han llegado a Chile<\/strong>\u00a0en seis cargamentos.<\/p>\n<p>La vacuna de\u00a0<strong>Pfizer<\/strong>\u00a0est\u00e1 autorizada, tambi\u00e9n en Chile, para su uso a partir de los 16 a\u00f1os y se est\u00e1 estudiando para el tramo de 12 a 16 a\u00f1os.\u00a0<strong>Moderna<\/strong>\u00a0est\u00e1 estudiando su vacuna en ni\u00f1os a partir de 12 a\u00f1os y la semana pasada anunci\u00f3 un nuevo ensayo para menores de 12 a\u00f1os.<\/p>\n<p><strong>Sinopharm<\/strong>, una compa\u00f1\u00eda estatal china que tiene otras dos vacunas contra el Covid-19, tambi\u00e9n est\u00e1 investigando la efectividad de sus f\u00e1rmacos en ni\u00f1os. La firma dijo en enero que hab\u00eda enviado datos cl\u00ednicos a las autoridades, aunque no est\u00e1 claro si eran de una o las dos vacunas que produce.<\/p>\n","protected":false},"excerpt":{"rendered":"<p>El laboratorio chino inform\u00f3 los resultados preliminares de ensayos en menores de edad, los que fueron enviados al regulador del gigante asi\u00e1tico. El\u00a0laboratorio chino Sinovac\u00a0Life&hellip; <\/p>\n","protected":false},"author":2,"featured_media":0,"comment_status":"open","ping_status":"closed","sticky":false,"template":"","format":"standard","meta":{"footnotes":""},"categories":[37],"tags":[],"class_list":["post-37392","post","type-post","status-publish","format-standard","hentry","category-nacional"],"_links":{"self":[{"href":"https:\/\/www.radioamigavallenar.cl\/index.php?rest_route=\/wp\/v2\/posts\/37392","targetHints":{"allow":["GET"]}}],"collection":[{"href":"https:\/\/www.radioamigavallenar.cl\/index.php?rest_route=\/wp\/v2\/posts"}],"about":[{"href":"https:\/\/www.radioamigavallenar.cl\/index.php?rest_route=\/wp\/v2\/types\/post"}],"author":[{"embeddable":true,"href":"https:\/\/www.radioamigavallenar.cl\/index.php?rest_route=\/wp\/v2\/users\/2"}],"replies":[{"embeddable":true,"href":"https:\/\/www.radioamigavallenar.cl\/index.php?rest_route=%2Fwp%2Fv2%2Fcomments&post=37392"}],"version-history":[{"count":1,"href":"https:\/\/www.radioamigavallenar.cl\/index.php?rest_route=\/wp\/v2\/posts\/37392\/revisions"}],"predecessor-version":[{"id":37393,"href":"https:\/\/www.radioamigavallenar.cl\/index.php?rest_route=\/wp\/v2\/posts\/37392\/revisions\/37393"}],"wp:attachment":[{"href":"https:\/\/www.radioamigavallenar.cl\/index.php?rest_route=%2Fwp%2Fv2%2Fmedia&parent=37392"}],"wp:term":[{"taxonomy":"category","embeddable":true,"href":"https:\/\/www.radioamigavallenar.cl\/index.php?rest_route=%2Fwp%2Fv2%2Fcategories&post=37392"},{"taxonomy":"post_tag","embeddable":true,"href":"https:\/\/www.radioamigavallenar.cl\/index.php?rest_route=%2Fwp%2Fv2%2Ftags&post=37392"}],"curies":[{"name":"wp","href":"https:\/\/api.w.org\/{rel}","templated":true}]}}