{"id":37390,"date":"2021-03-24T06:00:21","date_gmt":"2021-03-24T09:00:21","guid":{"rendered":"https:\/\/www.radioamigavallenar.cl\/?p=37390"},"modified":"2021-03-23T20:53:12","modified_gmt":"2021-03-23T23:53:12","slug":"impulsan-proyecto-para-prorrogar-vigencia-de-revision-tecnica-en-vehiculos-particulares-y-locomocion-colectiva","status":"publish","type":"post","link":"https:\/\/www.radioamigavallenar.cl\/?p=37390","title":{"rendered":"Impulsan proyecto para prorrogar vigencia de revisi\u00f3n t\u00e9cnica en veh\u00edculos particulares y locomoci\u00f3n colectiva"},"content":{"rendered":"<p>Ante la segunda ola de la pandemia covid-19, \u201curge prorrogar la vigencia de la revisi\u00f3n t\u00e9cnica y emanaci\u00f3n de gases, a fin de otorgar un alivio econ\u00f3mico temporal a todas aquellas familias que se han visto afectadas por la crisis econ\u00f3mica\u201d, dijo el parlamentario por Atacama.<\/p>\n<p>El diputado Nicol\u00e1s Noman junto a pares de su Bancada present\u00f3 este martes un proyecto de ley que busca prorrogar la vigencia de la revisi\u00f3n t\u00e9cnica en veh\u00edculos particulares y de locomoci\u00f3n colectiva, e hizo un llamado al Gobierno a establecer el calendario y los d\u00edgitos correspondientes, a objeto de organizar, la realizaci\u00f3n de dicho tr\u00e1mite, tal como se hizo el a\u00f1o pasado.<\/p>\n<p>Al ingresar la moci\u00f3n, el parlamentario afirm\u00f3 que \u201cconsiderando la segunda ola de la pandemia covid-19, la mayor propagaci\u00f3n del virus y la situaci\u00f3n actual del pa\u00eds, donde las comunas se encuentran en su mayor\u00eda en fase 1 del Plan Paso a Paso, que reduce al m\u00e1ximo la movilidad de las personas y la posibilidad de realizar tr\u00e1mites, es que urge prorrogar la vigencia de la revisi\u00f3n t\u00e9cnica, una vez m\u00e1s, a fin de otorgar un alivio econ\u00f3mico temporal a todas aquellas familias que se han visto afectadas por la crisis econ\u00f3mica, as\u00ed como tambi\u00e9n evitar que las personas salgan y se expongan a un posible contagio por realizar tr\u00e1mites que no son de primera necesidad\u201d.<\/p>\n<p>\u201cPor ello\u201d, continu\u00f3, \u201cel presente proyecto de ley viene en prorrogar la vigencia de revisiones t\u00e9cnicas de todo veh\u00edculo cuyo vencimiento haya ocurrido a partir del mes de octubre del a\u00f1o 2019, hasta el mes de junio del presente a\u00f1o, fecha en que se estima posible alcanzar la inmunidad de reba\u00f1o seg\u00fan el plan de vacunaci\u00f3n nacional llevado a cabo por el Ministerio de Salud\u201d.<\/p>\n<p>Finalmente, el diputado Nicol\u00e1s Noman subray\u00f3 que \u201cse hace necesario que el Gobierno le ponga urgencia a esta iniciativa y que el Ministerio de Transporte y Telecomunicaciones,\u00a0en uso de sus atribuciones, establecer\u00e1 el calendario y los d\u00edgitos correspondientes, a objeto de organizar, en lo sucesivo, la realizaci\u00f3n de dicho tr\u00e1mite\u201d.<\/p>\n","protected":false},"excerpt":{"rendered":"<p>Ante la segunda ola de la pandemia covid-19, \u201curge prorrogar la vigencia de la revisi\u00f3n t\u00e9cnica y emanaci\u00f3n de gases, a fin de otorgar un&hellip; <\/p>\n","protected":false},"author":2,"featured_media":31952,"comment_status":"open","ping_status":"closed","sticky":false,"template":"","format":"standard","meta":{"footnotes":""},"categories":[7],"tags":[],"class_list":["post-37390","post","type-post","status-publish","format-standard","has-post-thumbnail","hentry","category-atacama"],"_links":{"self":[{"href":"https:\/\/www.radioamigavallenar.cl\/index.php?rest_route=\/wp\/v2\/posts\/37390","targetHints":{"allow":["GET"]}}],"collection":[{"href":"https:\/\/www.radioamigavallenar.cl\/index.php?rest_route=\/wp\/v2\/posts"}],"about":[{"href":"https:\/\/www.radioamigavallenar.cl\/index.php?rest_route=\/wp\/v2\/types\/post"}],"author":[{"embeddable":true,"href":"https:\/\/www.radioamigavallenar.cl\/index.php?rest_route=\/wp\/v2\/users\/2"}],"replies":[{"embeddable":true,"href":"https:\/\/www.radioamigavallenar.cl\/index.php?rest_route=%2Fwp%2Fv2%2Fcomments&post=37390"}],"version-history":[{"count":1,"href":"https:\/\/www.radioamigavallenar.cl\/index.php?rest_route=\/wp\/v2\/posts\/37390\/revisions"}],"predecessor-version":[{"id":37391,"href":"https:\/\/www.radioamigavallenar.cl\/index.php?rest_route=\/wp\/v2\/posts\/37390\/revisions\/37391"}],"wp:featuredmedia":[{"embeddable":true,"href":"https:\/\/www.radioamigavallenar.cl\/index.php?rest_route=\/wp\/v2\/media\/31952"}],"wp:attachment":[{"href":"https:\/\/www.radioamigavallenar.cl\/index.php?rest_route=%2Fwp%2Fv2%2Fmedia&parent=37390"}],"wp:term":[{"taxonomy":"category","embeddable":true,"href":"https:\/\/www.radioamigavallenar.cl\/index.php?rest_route=%2Fwp%2Fv2%2Fcategories&post=37390"},{"taxonomy":"post_tag","embeddable":true,"href":"https:\/\/www.radioamigavallenar.cl\/index.php?rest_route=%2Fwp%2Fv2%2Ftags&post=37390"}],"curies":[{"name":"wp","href":"https:\/\/api.w.org\/{rel}","templated":true}]}}