{"id":37388,"date":"2021-03-24T06:00:07","date_gmt":"2021-03-24T09:00:07","guid":{"rendered":"https:\/\/www.radioamigavallenar.cl\/?p=37388"},"modified":"2021-03-23T20:51:58","modified_gmt":"2021-03-23T23:51:58","slug":"15-anos-de-carcel-para-sujeto-acusado-de-violacion-en-atacama","status":"publish","type":"post","link":"https:\/\/www.radioamigavallenar.cl\/?p=37388","title":{"rendered":"15 a\u00f1os de c\u00e1rcel para sujeto acusado de violaci\u00f3n en Atacama"},"content":{"rendered":"<p><strong>Caso fue investigado por el fiscal adjunto de Copiap\u00f3, Guillermo Z\u00e1rate Chacana, quien desarroll\u00f3 diligencias junto a la Brigada de Delitos Sexuales de la PDI. \u00a0\u00a0 \u00a0\u00a0<\/strong><\/p>\n<p>Una pena de 15 a\u00f1os y un d\u00eda obtuvo la Fiscal\u00eda de Atacama en contra de un imputado al que investig\u00f3 por el delito reiterado de violaci\u00f3n impropia, hechos que fueron investigados por el fiscal adjunto de Copiap\u00f3, Guillermo Z\u00e1rate Chacana.<\/p>\n<p>De acuerdo a lo expresado por el fiscal del caso la Fiscal\u00eda logr\u00f3 acreditar tres hechos distintos que afectaron a la v\u00edctima, una ni\u00f1a menor de edad que formaba parte del c\u00edrculo cercano del condenado.<\/p>\n<p>De acuerdo a lo argumentado por el fiscal Z\u00e1rate en la audiencia de Juicio Oral, los ataques comenzaron a sucederse a partir del a\u00f1o 2014 y se repitieron en tres ocasiones hasta el a\u00f1o 2018. Mencionando que una vez que la Fiscal\u00eda de Atacama tom\u00f3 conocimiento de la denuncia, comenz\u00f3 con la direcci\u00f3n de la investigaci\u00f3n de los casos ordenando diligencias a funcionarios de la Brigada de Delitos Sexuales de la PDI, adem\u00e1s de otro tipo de peritajes propios de este tipo de delitos. Pudiendo reunir evidencia con la que sustent\u00f3 la acusaci\u00f3n durante el juicio.<\/p>\n<p>\u201cLos hechos indagados, si bien fueron reiterados, ocurrieron en distintos a\u00f1os pero siempre bajo una din\u00e1mica de amenaza del condenado en contra de la v\u00edctima menor de edad. Cuesti\u00f3n que hizo que la ni\u00f1a afectada no denunciara los hechos de los que estaba siendo v\u00edctima ante el temor que generaba el acusado quien amenaz\u00f3 con atentar en contra de la vida de su madre\u201d, dijo el fiscal.<\/p>\n<p>En el juicio la Fiscal\u00eda present\u00f3 prueba testimonial y cient\u00edfica que acreditaron la actuaci\u00f3n del acusado, en contra de quien los Jueces del mencionado tribunal condenaron por su participaci\u00f3n en car\u00e1cter de consumada en el delito de violaci\u00f3n impropia. Aplicando as\u00ed la pena de 15 a\u00f1os y un d\u00eda de c\u00e1rcel.<\/p>\n<p>Guillermo Z\u00e1rate indic\u00f3 que dada la gravedad del caso se realiz\u00f3 un trabajo de apoyo por parte de profesionales de la Unidad de Atenci\u00f3n a V\u00edctimas y Testigos de la Fiscal\u00eda Regional, quienes entregaron la contenci\u00f3n y tratamiento a la v\u00edctima de estos hechos.<\/p>\n","protected":false},"excerpt":{"rendered":"<p>Caso fue investigado por el fiscal adjunto de Copiap\u00f3, Guillermo Z\u00e1rate Chacana, quien desarroll\u00f3 diligencias junto a la Brigada de Delitos Sexuales de la PDI.&hellip; <\/p>\n","protected":false},"author":2,"featured_media":25005,"comment_status":"open","ping_status":"closed","sticky":false,"template":"","format":"standard","meta":{"footnotes":""},"categories":[38],"tags":[],"class_list":["post-37388","post","type-post","status-publish","format-standard","has-post-thumbnail","hentry","category-portada-regional"],"_links":{"self":[{"href":"https:\/\/www.radioamigavallenar.cl\/index.php?rest_route=\/wp\/v2\/posts\/37388","targetHints":{"allow":["GET"]}}],"collection":[{"href":"https:\/\/www.radioamigavallenar.cl\/index.php?rest_route=\/wp\/v2\/posts"}],"about":[{"href":"https:\/\/www.radioamigavallenar.cl\/index.php?rest_route=\/wp\/v2\/types\/post"}],"author":[{"embeddable":true,"href":"https:\/\/www.radioamigavallenar.cl\/index.php?rest_route=\/wp\/v2\/users\/2"}],"replies":[{"embeddable":true,"href":"https:\/\/www.radioamigavallenar.cl\/index.php?rest_route=%2Fwp%2Fv2%2Fcomments&post=37388"}],"version-history":[{"count":1,"href":"https:\/\/www.radioamigavallenar.cl\/index.php?rest_route=\/wp\/v2\/posts\/37388\/revisions"}],"predecessor-version":[{"id":37389,"href":"https:\/\/www.radioamigavallenar.cl\/index.php?rest_route=\/wp\/v2\/posts\/37388\/revisions\/37389"}],"wp:featuredmedia":[{"embeddable":true,"href":"https:\/\/www.radioamigavallenar.cl\/index.php?rest_route=\/wp\/v2\/media\/25005"}],"wp:attachment":[{"href":"https:\/\/www.radioamigavallenar.cl\/index.php?rest_route=%2Fwp%2Fv2%2Fmedia&parent=37388"}],"wp:term":[{"taxonomy":"category","embeddable":true,"href":"https:\/\/www.radioamigavallenar.cl\/index.php?rest_route=%2Fwp%2Fv2%2Fcategories&post=37388"},{"taxonomy":"post_tag","embeddable":true,"href":"https:\/\/www.radioamigavallenar.cl\/index.php?rest_route=%2Fwp%2Fv2%2Ftags&post=37388"}],"curies":[{"name":"wp","href":"https:\/\/api.w.org\/{rel}","templated":true}]}}