{"id":37385,"date":"2021-03-24T06:00:38","date_gmt":"2021-03-24T09:00:38","guid":{"rendered":"https:\/\/www.radioamigavallenar.cl\/?p=37385"},"modified":"2021-03-23T20:50:26","modified_gmt":"2021-03-23T23:50:26","slug":"fiscalia-formalizo-a-dos-personas-luego-de-detectar-vehiculo-clonado-en-chanaral","status":"publish","type":"post","link":"https:\/\/www.radioamigavallenar.cl\/?p=37385","title":{"rendered":"Fiscal\u00eda formaliz\u00f3 a dos personas luego de detectar veh\u00edculo \u201cclonado\u201d en Cha\u00f1aral"},"content":{"rendered":"<p><strong>Fiscal jefe de esta comuna, Marco Arenas Zeballos, inform\u00f3 que el m\u00f3vil manten\u00eda un encargo por robo, pero utilizaba patentes de otro auto y n\u00famero de chasis hab\u00eda sido adulterado.\u00a0<\/strong><span id=\"more-243974\"><\/span><\/p>\n<p>En prisi\u00f3n preventiva qued\u00f3 uno de los ocupantes de un veh\u00edculo detectado en Cha\u00f1aral que manten\u00eda encargo por el delito de robo, m\u00f3vil que hab\u00eda sido sometido a una completa modificaci\u00f3n de su n\u00famero de chasis adem\u00e1s de utilizar patentes adulteradas.<\/p>\n<p>La informaci\u00f3n de este caso fue confirmada por el fiscal jefe de esta comuna, Marco Arenas Zeballos, quien indic\u00f3 que a partir de diligencias desarrolladas junto a la personal de la Secci\u00f3n de B\u00fasqueda de Veh\u00edculos Motorizados y la SIP de Carabineros, se procedi\u00f3 a indagar a un veh\u00edculo que fue controlado por personal de servicio en la ruta 5 Norte y que al ser revisado se detect\u00f3 que presentaba sus patentes adulteradas.<\/p>\n<p>\u201cEn esta fiscalizaci\u00f3n se pudo establecer que de manera maliciosa ambas placas patentes hab\u00edan sido adulteradas con la finalidad de eludir controles policiales, determinando que los n\u00fameros correspond\u00eda a otro veh\u00edculo que se encuentra en regla\u201d, dijo el fiscal.<\/p>\n<p>El fiscal Arenas agreg\u00f3 que a partir de este antecedente la Fiscal\u00eda orden\u00f3 el trabajo de personal especializado, cuyas diligencias establecieron que el c\u00f3digo de f\u00e1brica del veh\u00edculo hab\u00eda sido modificado de manera artesanal. Mientras que el n\u00famero real del chasis pudo ser encontrado en una de las ventanillas, estableciendo con ello que el veh\u00edculo manten\u00eda un encargo vigente por robo de fecha 05 de marzo en la Regi\u00f3n Metropolitana.<\/p>\n<p>De acuerdo a lo informado por el fiscal Arenas ambos ocupantes que viajaban en el auto fueron detenidos y sometidos a la audiencia de control de detenci\u00f3n y formalizaci\u00f3n de la investigaci\u00f3n. En dicha instancia tanto el conductor como su acompa\u00f1ante fueron formalizados por los delitos de receptaci\u00f3n de veh\u00edculo robado y conducci\u00f3n con placas patentes falsas o adulteradas y uso malicioso de instrumento p\u00fablico, decret\u00e1ndose respecto de uno la prisi\u00f3n preventiva, en tanto para el segundo imputado, primo del primero, se le decret\u00f3 el arresto domiciliario total y arraigo nacional.<\/p>\n<p>Respecto del caso, el fiscal Marco Arenas, indic\u00f3 que la causa result\u00f3 particularmente compleja de indagar por la manera en que el veh\u00edculo hab\u00eda sido \u201cclonado\u201d y las t\u00e9cnicas que se hab\u00edan aplicado para concretar la modificaci\u00f3n de los n\u00fameros\u00a0 identificatorios del m\u00f3vil.<\/p>\n","protected":false},"excerpt":{"rendered":"<p>Fiscal jefe de esta comuna, Marco Arenas Zeballos, inform\u00f3 que el m\u00f3vil manten\u00eda un encargo por robo, pero utilizaba patentes de otro auto y n\u00famero&hellip; <\/p>\n","protected":false},"author":2,"featured_media":37386,"comment_status":"open","ping_status":"closed","sticky":false,"template":"","format":"standard","meta":{"footnotes":""},"categories":[7],"tags":[],"class_list":["post-37385","post","type-post","status-publish","format-standard","has-post-thumbnail","hentry","category-atacama"],"_links":{"self":[{"href":"https:\/\/www.radioamigavallenar.cl\/index.php?rest_route=\/wp\/v2\/posts\/37385","targetHints":{"allow":["GET"]}}],"collection":[{"href":"https:\/\/www.radioamigavallenar.cl\/index.php?rest_route=\/wp\/v2\/posts"}],"about":[{"href":"https:\/\/www.radioamigavallenar.cl\/index.php?rest_route=\/wp\/v2\/types\/post"}],"author":[{"embeddable":true,"href":"https:\/\/www.radioamigavallenar.cl\/index.php?rest_route=\/wp\/v2\/users\/2"}],"replies":[{"embeddable":true,"href":"https:\/\/www.radioamigavallenar.cl\/index.php?rest_route=%2Fwp%2Fv2%2Fcomments&post=37385"}],"version-history":[{"count":1,"href":"https:\/\/www.radioamigavallenar.cl\/index.php?rest_route=\/wp\/v2\/posts\/37385\/revisions"}],"predecessor-version":[{"id":37387,"href":"https:\/\/www.radioamigavallenar.cl\/index.php?rest_route=\/wp\/v2\/posts\/37385\/revisions\/37387"}],"wp:featuredmedia":[{"embeddable":true,"href":"https:\/\/www.radioamigavallenar.cl\/index.php?rest_route=\/wp\/v2\/media\/37386"}],"wp:attachment":[{"href":"https:\/\/www.radioamigavallenar.cl\/index.php?rest_route=%2Fwp%2Fv2%2Fmedia&parent=37385"}],"wp:term":[{"taxonomy":"category","embeddable":true,"href":"https:\/\/www.radioamigavallenar.cl\/index.php?rest_route=%2Fwp%2Fv2%2Fcategories&post=37385"},{"taxonomy":"post_tag","embeddable":true,"href":"https:\/\/www.radioamigavallenar.cl\/index.php?rest_route=%2Fwp%2Fv2%2Ftags&post=37385"}],"curies":[{"name":"wp","href":"https:\/\/api.w.org\/{rel}","templated":true}]}}