{"id":37379,"date":"2021-03-23T12:29:02","date_gmt":"2021-03-23T15:29:02","guid":{"rendered":"https:\/\/www.radioamigavallenar.cl\/?p=37379"},"modified":"2021-03-23T12:29:02","modified_gmt":"2021-03-23T15:29:02","slug":"parlamentarios-cuestionan-circular-del-minsal-que-permite-teletrabajo-de-enfermos-con-covid-19","status":"publish","type":"post","link":"https:\/\/www.radioamigavallenar.cl\/?p=37379","title":{"rendered":"Parlamentarios cuestionan circular del Minsal que permite teletrabajo de enfermos con Covid-19"},"content":{"rendered":"<p>Gael Yeomans (CS) y Leonardo Soto (PS) acudir\u00e1n a Contralor\u00eda para que se aclare la legalidad de esta disposici\u00f3n que abre la puerta a no usar licencias m\u00e9dicas para contagiados.<\/p>\n<p>El vocero de Gobierno, Jaime Bellolio, asegur\u00f3 que se trata de una medida \u00abpro trabajador\u00bb.<\/p>\n<p>Diversos parlamentarios denunciaron la publicaci\u00f3n de una circular de la Subsecretar\u00eda de Salud P\u00fablica en la que\u00a0<strong>se abre la posibilidad de que los enfermos de Covid-19 negocien la posibilidad de seguir trabajando<\/strong>\u00a0desde sus casas para evitar acogerse a una licencia m\u00e9dica.<\/p>\n<p>En el texto, que tiene fecha del 19 de marzo y que est\u00e1 firmado por la subsecretaria Paula Daza, se ampl\u00eda lo definido en una versi\u00f3n anterior, que solamente inclu\u00eda a quienes eran catalogados como contacto estrecho de personas contagiadas.<\/p>\n<p>\u00abEl presente documento extiende la posibilidad para que<strong>\u00a0los trabajadores catalogados como caso confirmado, probable y sospechoso, puedan optar a la misma modalidad de trabajo a distancia<\/strong>\u00a0siempre y cuando la condici\u00f3n de salud lo permita y por lo tanto, sin necesidad de solicitar licencia m\u00e9dica para el periodo de aislamiento\u00bb, se indica en la circular.<\/p>\n<p>Como se explicaba en el documento original, los trabajadores \u00abpueden\u00a0<strong>de com\u00fan acuerdo con su empleador, optar por continuar trabajando a distancia, sin la necesidad de requerir licencia m\u00e9dica<\/strong>, compatibilizando de esta forma la continuidad laboral y su aislamiento en periodo de cuarentena\u00bb.<\/p>\n<p>Al ser consultado por el tema, el vocero de gobierno,<strong>\u00a0Jaime Bellolio<\/strong>, dijo que \u00abes una\u00a0<strong>circular pro trabajador<\/strong>, evidentemente. Lo que hace es poner la mayor precauci\u00f3n posible, porque nosotros sabemos que estamos viviendo un momento en donde la pandemia lamentablemente va a alza\u00bb.<\/p>\n<p>\u00abNo se ha acabado la pandemia, tenemos que seguir en modo pandemia y parte de la circular tiene que ver con eso, tiene que ver con poder proteger a nuestros trabajadores, de manera de\u00a0<strong>poder disminuir la movilidad, de manera que no hayan fuentes de contagio<\/strong>\u00ab, agreg\u00f3.<\/p>\n<p>La diputada\u00a0<strong>Gael Yeomans<\/strong>\u00a0(CS) calific\u00f3 esta situaci\u00f3n como \u00ab<strong>inaceptable<\/strong>\u00bb y dijo que acudir\u00e1 a Contralor\u00eda para que se aclare la legalidad de esta medida, medida a la que se sum\u00f3 Leonardo Soto (PS).<\/p>\n<p>Por su parte, la diputada<strong>\u00a0Camila Vallejo<\/strong>\u00a0(PC) ironiz\u00f3: \u00abSe enferm\u00f3 de Covid-19? El Gobierno le trae una soluci\u00f3n: no pida licencia m\u00e9dica y siga siendo productivo&#8230;Trabaje a distancia!\u00bb, asegurando que<strong>\u00a0no hay \u00abni derecho a estar enfermo en paz\u00bb.<\/strong><\/p>\n<p>&nbsp;<\/p>\n","protected":false},"excerpt":{"rendered":"<p>Gael Yeomans (CS) y Leonardo Soto (PS) acudir\u00e1n a Contralor\u00eda para que se aclare la legalidad de esta disposici\u00f3n que abre la puerta a no&hellip; <\/p>\n","protected":false},"author":2,"featured_media":37380,"comment_status":"open","ping_status":"closed","sticky":false,"template":"","format":"standard","meta":{"footnotes":""},"categories":[37],"tags":[],"class_list":["post-37379","post","type-post","status-publish","format-standard","has-post-thumbnail","hentry","category-nacional"],"_links":{"self":[{"href":"https:\/\/www.radioamigavallenar.cl\/index.php?rest_route=\/wp\/v2\/posts\/37379","targetHints":{"allow":["GET"]}}],"collection":[{"href":"https:\/\/www.radioamigavallenar.cl\/index.php?rest_route=\/wp\/v2\/posts"}],"about":[{"href":"https:\/\/www.radioamigavallenar.cl\/index.php?rest_route=\/wp\/v2\/types\/post"}],"author":[{"embeddable":true,"href":"https:\/\/www.radioamigavallenar.cl\/index.php?rest_route=\/wp\/v2\/users\/2"}],"replies":[{"embeddable":true,"href":"https:\/\/www.radioamigavallenar.cl\/index.php?rest_route=%2Fwp%2Fv2%2Fcomments&post=37379"}],"version-history":[{"count":1,"href":"https:\/\/www.radioamigavallenar.cl\/index.php?rest_route=\/wp\/v2\/posts\/37379\/revisions"}],"predecessor-version":[{"id":37381,"href":"https:\/\/www.radioamigavallenar.cl\/index.php?rest_route=\/wp\/v2\/posts\/37379\/revisions\/37381"}],"wp:featuredmedia":[{"embeddable":true,"href":"https:\/\/www.radioamigavallenar.cl\/index.php?rest_route=\/wp\/v2\/media\/37380"}],"wp:attachment":[{"href":"https:\/\/www.radioamigavallenar.cl\/index.php?rest_route=%2Fwp%2Fv2%2Fmedia&parent=37379"}],"wp:term":[{"taxonomy":"category","embeddable":true,"href":"https:\/\/www.radioamigavallenar.cl\/index.php?rest_route=%2Fwp%2Fv2%2Fcategories&post=37379"},{"taxonomy":"post_tag","embeddable":true,"href":"https:\/\/www.radioamigavallenar.cl\/index.php?rest_route=%2Fwp%2Fv2%2Ftags&post=37379"}],"curies":[{"name":"wp","href":"https:\/\/api.w.org\/{rel}","templated":true}]}}