{"id":37376,"date":"2021-03-23T08:00:39","date_gmt":"2021-03-23T11:00:39","guid":{"rendered":"https:\/\/www.radioamigavallenar.cl\/?p=37376"},"modified":"2021-03-23T12:26:24","modified_gmt":"2021-03-23T15:26:24","slug":"ferias-libres-nuestro-aporte-va-a-ser-no-trabajar-este-fin-de-semana","status":"publish","type":"post","link":"https:\/\/www.radioamigavallenar.cl\/?p=37376","title":{"rendered":"Ferias libres: Nuestro aporte va a ser no trabajar este fin de semana"},"content":{"rendered":"<p>El dirigente Froil\u00e1n Flores asegur\u00f3 que se logr\u00f3 un acuerdo para evitar que la medida se extendiera de forma indefinida.<\/p>\n<p>\u00abPara la gran mayor\u00eda de las personas sigue sin ser una opci\u00f3n el pedir por delivery\u00bb, dijo Catalina Mertz, presidenta de la Asociaci\u00f3n de Supermercados.<\/p>\n<p><strong>Froil\u00e1n Flores<\/strong>, presidente de la Confederaci\u00f3n de Ferias Libres, confirm\u00f3\u00a0que sus afiliados\u00a0<strong>no trabajar\u00e1n durante este fin de semana<\/strong>, luego de las medidas anunciadas por el Gobierno al\u00a0suspender los permisos de desplazamiento individual para evitar el aumento de casos de Covid-19.<\/p>\n<p>Flores dijo que \u00abnosotros estamos reci\u00e9n, en forma incipiente, trabajando en la venta a domicilio a trav\u00e9s de los canales de internet: hay un 5 por ciento aproximadamente que est\u00e1 trabajando en esa direcci\u00f3n, estamos capacitando a la gente, pero <strong>en este minuto no estamos en condiciones de entregar ese servicio\u00bb.<\/strong><\/p>\n<p>\u00abAyer tuvimos una reuni\u00f3n con el subsecretario de Agricultura, con la encargada de Salud y tambi\u00e9n con la se\u00f1orita Martorell y llegamos a un acuerdo, que este fin de semana no trabajamos, porque<strong>\u00a0en principio la instrucci\u00f3n del Estado era que\u00a0en forma indefinida las ferias libres no iban a funcionar los fines de semana\u00a0y eso significaba una crisis absoluta\u00bb,<\/strong>\u00a0precis\u00f3.<\/p>\n<p><strong>\u00abEra peor el remedio que la enfermedad<\/strong>\u00a0porque desabatec\u00edamos a la poblaci\u00f3n m\u00e1s pobre del pa\u00eds y en sectores que est\u00e1n aislados, que no pod\u00edamos llegar, entonces se lleg\u00f3 a un acuerdo que solo este fin de semana no trabajar\u00edamos\u00bb, plante\u00f3.<\/p>\n<p>Flores indic\u00f3 que \u00abnuestro aporte va a ser que este fin de semana no trabajan las ferias libres, porque estamos en el peak del contagio de la epidemia y creo que\u00a0<strong>es importante la sensibilidad social de los colegas de las ferias libres<\/strong>\u00a0para hacer un gran aporte a la salud de los chilenos\u00bb.<\/p>\n<p style=\"text-align: center;\">Supermercados y las dificultades para el delivery<\/p>\n<p>Por su parte,\u00a0<strong>Catalina Mertz<\/strong>, presidenta de la Asociaci\u00f3n de Supermercados, manifest\u00f3 que \u00abnosotros siempre hemos insistido que<strong>\u00a0los supermercados no han sido foco de contagio<\/strong>, que presenta dificultades importantes para las personas el abastecerse de alimentos y que lo que hace es trasladar la asistencia a los locales de lunes a viernes y acatamos, una vez que las autoridades deciden cuales van a ser las medidas que implementan, cumplimos cabalmente con lo que se decida\u00bb.<\/p>\n<p>\u00abEl delivery es un<strong>\u00a0desaf\u00edo log\u00edstico importante<\/strong>, es una organizaci\u00f3n compleja, y claro, hemos hablado mucho de que se ha duplicado o cuadruplicado, pero<strong>\u00a0sigue siendo a tasas s\u00faper bajas de penetraci\u00f3n, sobre todo en regiones<\/strong>\u00a0y hay empresas m\u00e1s chicas que tampoco lo pueden establecer, pese al avance que ha tenido\u00bb, puntualiz\u00f3.<\/p>\n<p>Mertz sostuvo que \u00abestamos hablando del 10 por ciento y cuando mucho un 20 por ciento, o sea<strong>\u00a0para la gran mayor\u00eda de las personas sigue sin ser una opci\u00f3n el pedir por delivery\u00bb.<\/strong><\/p>\n<p>&nbsp;<\/p>\n","protected":false},"excerpt":{"rendered":"<p>El dirigente Froil\u00e1n Flores asegur\u00f3 que se logr\u00f3 un acuerdo para evitar que la medida se extendiera de forma indefinida. \u00abPara la gran mayor\u00eda de&hellip; <\/p>\n","protected":false},"author":2,"featured_media":37377,"comment_status":"open","ping_status":"closed","sticky":false,"template":"","format":"standard","meta":{"footnotes":""},"categories":[38],"tags":[],"class_list":["post-37376","post","type-post","status-publish","format-standard","has-post-thumbnail","hentry","category-portada-regional"],"_links":{"self":[{"href":"https:\/\/www.radioamigavallenar.cl\/index.php?rest_route=\/wp\/v2\/posts\/37376","targetHints":{"allow":["GET"]}}],"collection":[{"href":"https:\/\/www.radioamigavallenar.cl\/index.php?rest_route=\/wp\/v2\/posts"}],"about":[{"href":"https:\/\/www.radioamigavallenar.cl\/index.php?rest_route=\/wp\/v2\/types\/post"}],"author":[{"embeddable":true,"href":"https:\/\/www.radioamigavallenar.cl\/index.php?rest_route=\/wp\/v2\/users\/2"}],"replies":[{"embeddable":true,"href":"https:\/\/www.radioamigavallenar.cl\/index.php?rest_route=%2Fwp%2Fv2%2Fcomments&post=37376"}],"version-history":[{"count":1,"href":"https:\/\/www.radioamigavallenar.cl\/index.php?rest_route=\/wp\/v2\/posts\/37376\/revisions"}],"predecessor-version":[{"id":37378,"href":"https:\/\/www.radioamigavallenar.cl\/index.php?rest_route=\/wp\/v2\/posts\/37376\/revisions\/37378"}],"wp:featuredmedia":[{"embeddable":true,"href":"https:\/\/www.radioamigavallenar.cl\/index.php?rest_route=\/wp\/v2\/media\/37377"}],"wp:attachment":[{"href":"https:\/\/www.radioamigavallenar.cl\/index.php?rest_route=%2Fwp%2Fv2%2Fmedia&parent=37376"}],"wp:term":[{"taxonomy":"category","embeddable":true,"href":"https:\/\/www.radioamigavallenar.cl\/index.php?rest_route=%2Fwp%2Fv2%2Fcategories&post=37376"},{"taxonomy":"post_tag","embeddable":true,"href":"https:\/\/www.radioamigavallenar.cl\/index.php?rest_route=%2Fwp%2Fv2%2Ftags&post=37376"}],"curies":[{"name":"wp","href":"https:\/\/api.w.org\/{rel}","templated":true}]}}