{"id":37374,"date":"2021-03-23T11:37:56","date_gmt":"2021-03-23T14:37:56","guid":{"rendered":"https:\/\/www.radioamigavallenar.cl\/?p=37374"},"modified":"2021-03-23T13:02:41","modified_gmt":"2021-03-23T16:02:41","slug":"71-nuevos-contagios-por-coronavirus-se-informaron-este-martes-en-atacama","status":"publish","type":"post","link":"https:\/\/www.radioamigavallenar.cl\/?p=37374","title":{"rendered":"71 nuevos contagios por Coronavirus se informaron este martes en Atacama"},"content":{"rendered":"<p>El Minsal inform\u00f3 este martes un total de 71 nuevos casos de Coronavirus en la regi\u00f3n de Atacama, de ellos 34 sintom\u00e1ticos y 37 sin s\u00edntomas, adem\u00e1s se reportaron 562 casos activos confirmados en las \u00faltimas 24 horas a nivel regional.<\/p>\n<p>Con ello Atacama alcanza a la fecha los 13.696 casos acumulados de la enfermedad.\u00a0 Respecto de los fallecidos, el informe se\u00f1ala 166 muertes en la regi\u00f3n producto de la enfermedad.<\/p>\n<p style=\"text-align: center;\"><a href=\"https:\/\/www.radioamigavallenar.cl\/wp-content\/uploads\/2021\/03\/ExLK3UYVIAQdGjy.jpg\"><img loading=\"lazy\" decoding=\"async\" class=\"alignnone  wp-image-37382\" src=\"https:\/\/www.radioamigavallenar.cl\/wp-content\/uploads\/2021\/03\/ExLK3UYVIAQdGjy-300x300.jpg\" alt=\"\" width=\"693\" height=\"693\" srcset=\"https:\/\/www.radioamigavallenar.cl\/wp-content\/uploads\/2021\/03\/ExLK3UYVIAQdGjy-300x300.jpg 300w, https:\/\/www.radioamigavallenar.cl\/wp-content\/uploads\/2021\/03\/ExLK3UYVIAQdGjy-150x150.jpg 150w, https:\/\/www.radioamigavallenar.cl\/wp-content\/uploads\/2021\/03\/ExLK3UYVIAQdGjy-768x768.jpg 768w, https:\/\/www.radioamigavallenar.cl\/wp-content\/uploads\/2021\/03\/ExLK3UYVIAQdGjy.jpg 1024w\" sizes=\"auto, (max-width: 693px) 100vw, 693px\" \/><\/a><\/p>\n<p><strong>\u00a0<\/strong><\/p>\n","protected":false},"excerpt":{"rendered":"<p>El Minsal inform\u00f3 este martes un total de 71 nuevos casos de Coronavirus en la regi\u00f3n de Atacama, de ellos 34 sintom\u00e1ticos y 37 sin&hellip; <\/p>\n","protected":false},"author":2,"featured_media":28118,"comment_status":"open","ping_status":"closed","sticky":false,"template":"","format":"standard","meta":{"footnotes":""},"categories":[38],"tags":[],"class_list":["post-37374","post","type-post","status-publish","format-standard","has-post-thumbnail","hentry","category-portada-regional"],"_links":{"self":[{"href":"https:\/\/www.radioamigavallenar.cl\/index.php?rest_route=\/wp\/v2\/posts\/37374","targetHints":{"allow":["GET"]}}],"collection":[{"href":"https:\/\/www.radioamigavallenar.cl\/index.php?rest_route=\/wp\/v2\/posts"}],"about":[{"href":"https:\/\/www.radioamigavallenar.cl\/index.php?rest_route=\/wp\/v2\/types\/post"}],"author":[{"embeddable":true,"href":"https:\/\/www.radioamigavallenar.cl\/index.php?rest_route=\/wp\/v2\/users\/2"}],"replies":[{"embeddable":true,"href":"https:\/\/www.radioamigavallenar.cl\/index.php?rest_route=%2Fwp%2Fv2%2Fcomments&post=37374"}],"version-history":[{"count":2,"href":"https:\/\/www.radioamigavallenar.cl\/index.php?rest_route=\/wp\/v2\/posts\/37374\/revisions"}],"predecessor-version":[{"id":37383,"href":"https:\/\/www.radioamigavallenar.cl\/index.php?rest_route=\/wp\/v2\/posts\/37374\/revisions\/37383"}],"wp:featuredmedia":[{"embeddable":true,"href":"https:\/\/www.radioamigavallenar.cl\/index.php?rest_route=\/wp\/v2\/media\/28118"}],"wp:attachment":[{"href":"https:\/\/www.radioamigavallenar.cl\/index.php?rest_route=%2Fwp%2Fv2%2Fmedia&parent=37374"}],"wp:term":[{"taxonomy":"category","embeddable":true,"href":"https:\/\/www.radioamigavallenar.cl\/index.php?rest_route=%2Fwp%2Fv2%2Fcategories&post=37374"},{"taxonomy":"post_tag","embeddable":true,"href":"https:\/\/www.radioamigavallenar.cl\/index.php?rest_route=%2Fwp%2Fv2%2Ftags&post=37374"}],"curies":[{"name":"wp","href":"https:\/\/api.w.org\/{rel}","templated":true}]}}