{"id":37368,"date":"2021-03-23T10:46:00","date_gmt":"2021-03-23T13:46:00","guid":{"rendered":"https:\/\/www.radioamigavallenar.cl\/?p=37368"},"modified":"2021-03-23T10:46:00","modified_gmt":"2021-03-23T13:46:00","slug":"firman-primer-convenio-entre-injuv-senadis-y-fundacion-filsa","status":"publish","type":"post","link":"https:\/\/www.radioamigavallenar.cl\/?p=37368","title":{"rendered":"Firman primer Convenio entre Injuv, Senadis y Fundaci\u00f3n Filsa"},"content":{"rendered":"<p><strong>Las dificultades que deben enfrentar diariamente los j\u00f3venes con discapacidad se han acrecentado tras el avance del coronavirus en el pa\u00eds, que exige mayor capacidad de adaptaci\u00f3n, reinvenci\u00f3n y soluciones inclusivas a trav\u00e9s de la tecnolog\u00edas y talleres din\u00e1micos.<\/strong><span id=\"more-136080\"><\/span><\/p>\n<p>Es por esto que hoy por la ma\u00f1ana la Directora Nacional de Injuv Renata Santander, lleg\u00f3 hasta la regi\u00f3n de Atacama, para participar de la firma del in\u00e9dito convenio entre Senadis, Fundaci\u00f3n Filsa y la instituci\u00f3n que dirige.<\/p>\n<p><strong>Renata Santander, Directora Nacional de Injuv\u00a0<\/strong>, destac\u00f3 que \u201cla inclusi\u00f3n es una responsabilidad que tenemos todos como pa\u00eds. Por lo mismo, en el marco de nuestro permanente compromiso con los j\u00f3venes, nos sentimos muy alegres de la manera que trabajan en Atacama Inter servicios y con la Fundaci\u00f3n Filsa, esta medida sin duda beneficiar\u00e1 tanto a la comunidad sorda y mejorar\u00e1 el acercamiento entre los j\u00f3venes y ni\u00f1os, porque no queremos que nuestros j\u00f3venes se a\u00edslen sino m\u00e1s bien que de forma unificada se trabaje y se entreguen los conocimientos para construir regiones m\u00e1s inclusivas como nos pidi\u00f3 el Presidente Pi\u00f1era\u201d.<\/p>\n<p>Por su parte, la directora regional de\u00a0<strong>SENADIS Atacama, Gabriela Villanueva<\/strong>, explic\u00f3 que \u201cdisponer de esta alianza estrat\u00e9gica con Injuv y Fundaci\u00f3n Filsa permite que a trav\u00e9s de herramientas tecnol\u00f3gicas como zoom los j\u00f3venes de la fundaci\u00f3n puedan efectuar talleres que complementa la labor de ense\u00f1ar en materia de educaci\u00f3n inclusiva y vinculaci\u00f3n hacia la sociedad civil, es admirable la estrategia que abordaran los lideres juveniles, permitiendo as\u00ed avanzar hacia una Regi\u00f3n m\u00e1s inclusiva que garantice los derechos de las personas con discapacidad en igualdad de oportunidades\u201d<\/p>\n<p>En tanto, el Representante Legal de la Fundaci\u00f3n Filsa, Julio Pizarro , indic\u00f3 que \u201cesta actividad sin dudad viene a reforzar una de las l\u00edneas de trabajo de nuestra fundaci\u00f3n \u00a0en la regi\u00f3n, la cual \u00a0nos invita a comprender la colaboraci\u00f3n p\u00fablico privada a objeto de beneficiar a personas con discapacidad, para fortalecer las capacidades de todos los ciudadanos, nuestra intenci\u00f3n es formar y cultivar voluntariados de ense\u00f1anza e inclusi\u00f3n en Atacama junto a los j\u00f3venes\u201d.<\/p>\n<p>Por su parte Jorge Carvajal, Director de Cultura y Comunidad Sorda se\u00f1al\u00f3 \u201cComo miembro de la comunidad sorda de atacama y participante activo de la comunidad sorda nacional queremos agradecer las voluntades que se convocan, puesto que para nosotros es significativo el aporte que instituciones como Senadis e Injuv, que hacen en materia inclusi\u00f3n de ni\u00f1os, ni\u00f1as y j\u00f3venes para que estos puedan ser agentes de cambio que Chile necesita\u201d<\/p>\n<p>&nbsp;<\/p>\n<p>Por su parte el joven Yirmar Barraza, persona con discapacidad Visual indico \u201cEsta actividad es muy importante para personas con discapacidad por el acceso a la informaci\u00f3n y al conocimiento, doy gracias a estas instituciones por estar preocupados porque se generen aportes para\u00a0 Atacama\u201d<\/p>\n<p>&nbsp;<\/p>\n<p>Cabe destacar que por las diferentes plataformas de Injuv se informar\u00e1n de los Talleres y encuentros que se caracterizar\u00e1n porque ser\u00e1n realizados por j\u00f3venes con discapacidad auditiva y visual.<\/p>\n","protected":false},"excerpt":{"rendered":"<p>Las dificultades que deben enfrentar diariamente los j\u00f3venes con discapacidad se han acrecentado tras el avance del coronavirus en el pa\u00eds, que exige mayor capacidad&hellip; <\/p>\n","protected":false},"author":2,"featured_media":37369,"comment_status":"open","ping_status":"closed","sticky":false,"template":"","format":"standard","meta":{"footnotes":""},"categories":[38],"tags":[],"class_list":["post-37368","post","type-post","status-publish","format-standard","has-post-thumbnail","hentry","category-portada-regional"],"_links":{"self":[{"href":"https:\/\/www.radioamigavallenar.cl\/index.php?rest_route=\/wp\/v2\/posts\/37368","targetHints":{"allow":["GET"]}}],"collection":[{"href":"https:\/\/www.radioamigavallenar.cl\/index.php?rest_route=\/wp\/v2\/posts"}],"about":[{"href":"https:\/\/www.radioamigavallenar.cl\/index.php?rest_route=\/wp\/v2\/types\/post"}],"author":[{"embeddable":true,"href":"https:\/\/www.radioamigavallenar.cl\/index.php?rest_route=\/wp\/v2\/users\/2"}],"replies":[{"embeddable":true,"href":"https:\/\/www.radioamigavallenar.cl\/index.php?rest_route=%2Fwp%2Fv2%2Fcomments&post=37368"}],"version-history":[{"count":1,"href":"https:\/\/www.radioamigavallenar.cl\/index.php?rest_route=\/wp\/v2\/posts\/37368\/revisions"}],"predecessor-version":[{"id":37370,"href":"https:\/\/www.radioamigavallenar.cl\/index.php?rest_route=\/wp\/v2\/posts\/37368\/revisions\/37370"}],"wp:featuredmedia":[{"embeddable":true,"href":"https:\/\/www.radioamigavallenar.cl\/index.php?rest_route=\/wp\/v2\/media\/37369"}],"wp:attachment":[{"href":"https:\/\/www.radioamigavallenar.cl\/index.php?rest_route=%2Fwp%2Fv2%2Fmedia&parent=37368"}],"wp:term":[{"taxonomy":"category","embeddable":true,"href":"https:\/\/www.radioamigavallenar.cl\/index.php?rest_route=%2Fwp%2Fv2%2Fcategories&post=37368"},{"taxonomy":"post_tag","embeddable":true,"href":"https:\/\/www.radioamigavallenar.cl\/index.php?rest_route=%2Fwp%2Fv2%2Ftags&post=37368"}],"curies":[{"name":"wp","href":"https:\/\/api.w.org\/{rel}","templated":true}]}}