{"id":37363,"date":"2021-03-23T10:40:57","date_gmt":"2021-03-23T13:40:57","guid":{"rendered":"https:\/\/www.radioamigavallenar.cl\/?p=37363"},"modified":"2021-03-23T10:40:57","modified_gmt":"2021-03-23T13:40:57","slug":"vacunacion-23-de-marzo-vocales-de-mesa-entre-45-y-50-anos","status":"publish","type":"post","link":"https:\/\/www.radioamigavallenar.cl\/?p=37363","title":{"rendered":"Vacunaci\u00f3n 23 de marzo: vocales de mesa entre 45 y 50 a\u00f1os"},"content":{"rendered":"<p><strong>Asimismo, se inmunizar\u00e1 a personal de transportes y de servicios b\u00e1sicos, as\u00ed como tambi\u00e9n se entregar\u00e1 segundas dosis a quienes corresponda<\/strong>.<span id=\"more-243927\"><\/span><\/p>\n<p>Contin\u00faa el proceso de\u00a0<b>vacunaci\u00f3n masiva en el pa\u00eds<\/b>, el se concentrar\u00e1 unos d\u00edas en proteger a aquellas personas que trabajar\u00e1n arduamente durante las\u00a0<b>pr\u00f3ximas elecciones del 10 y 11 de abril.<\/b><\/p>\n<p>Por lo mismo, durante la jornada de este 23 de marzo se inocular\u00e1 a todos los<b>\u00a0vocales mesa entre 45 y 50 a\u00f1os,<\/b>\u00a0as\u00ed como tambi\u00e9n a todo el personal que participe de apoyo en los comicios.<\/p>\n<div id=\"dfp_inread\"><\/div>\n<p>Asimismo, se inmunizar\u00e1 a\u00a0<b>personal de transportes y de servicios b\u00e1sicos, as\u00ed como tambi\u00e9n se entregar\u00e1 segundas dosis a quienes corresponda.<\/b><\/p>\n<p>Por \u00faltimo, cabe recordar que desde ma\u00f1ana mi\u00e9rcoles 24 de marzo, se vacunar\u00e1 a la poblaci\u00f3n menor de 60 a\u00f1os.<\/p>\n<h1>Revisa aqu\u00ed el calendario de vacunaci\u00f3n para esta semana:<\/h1>\n<p><img loading=\"lazy\" decoding=\"async\" class=\"alignnone size-full wp-image-243755 lazy-loaded\" src=\"https:\/\/www.maray.cl\/wp-content\/uploads\/2021\/03\/AnyConv.com__Captura.jpg\" sizes=\"auto, (max-width: 1140px) 100vw, 1140px\" srcset=\"https:\/\/www.maray.cl\/wp-content\/uploads\/2021\/03\/AnyConv.com__Captura.jpg 1140w, https:\/\/www.maray.cl\/wp-content\/uploads\/2021\/03\/AnyConv.com__Captura-600x456.jpg 600w, https:\/\/www.maray.cl\/wp-content\/uploads\/2021\/03\/AnyConv.com__Captura-800x608.jpg 800w, https:\/\/www.maray.cl\/wp-content\/uploads\/2021\/03\/AnyConv.com__Captura-768x584.jpg 768w\" alt=\"\" width=\"1140\" height=\"867\" data-lazy-type=\"image\" data-src=\"https:\/\/www.maray.cl\/wp-content\/uploads\/2021\/03\/AnyConv.com__Captura.jpg\" data-srcset=\"\" \/><\/p>\n","protected":false},"excerpt":{"rendered":"<p>Asimismo, se inmunizar\u00e1 a personal de transportes y de servicios b\u00e1sicos, as\u00ed como tambi\u00e9n se entregar\u00e1 segundas dosis a quienes corresponda. Contin\u00faa el proceso de\u00a0vacunaci\u00f3n&hellip; <\/p>\n","protected":false},"author":2,"featured_media":35574,"comment_status":"open","ping_status":"closed","sticky":false,"template":"","format":"standard","meta":{"footnotes":""},"categories":[7],"tags":[],"class_list":["post-37363","post","type-post","status-publish","format-standard","has-post-thumbnail","hentry","category-atacama"],"_links":{"self":[{"href":"https:\/\/www.radioamigavallenar.cl\/index.php?rest_route=\/wp\/v2\/posts\/37363","targetHints":{"allow":["GET"]}}],"collection":[{"href":"https:\/\/www.radioamigavallenar.cl\/index.php?rest_route=\/wp\/v2\/posts"}],"about":[{"href":"https:\/\/www.radioamigavallenar.cl\/index.php?rest_route=\/wp\/v2\/types\/post"}],"author":[{"embeddable":true,"href":"https:\/\/www.radioamigavallenar.cl\/index.php?rest_route=\/wp\/v2\/users\/2"}],"replies":[{"embeddable":true,"href":"https:\/\/www.radioamigavallenar.cl\/index.php?rest_route=%2Fwp%2Fv2%2Fcomments&post=37363"}],"version-history":[{"count":1,"href":"https:\/\/www.radioamigavallenar.cl\/index.php?rest_route=\/wp\/v2\/posts\/37363\/revisions"}],"predecessor-version":[{"id":37364,"href":"https:\/\/www.radioamigavallenar.cl\/index.php?rest_route=\/wp\/v2\/posts\/37363\/revisions\/37364"}],"wp:featuredmedia":[{"embeddable":true,"href":"https:\/\/www.radioamigavallenar.cl\/index.php?rest_route=\/wp\/v2\/media\/35574"}],"wp:attachment":[{"href":"https:\/\/www.radioamigavallenar.cl\/index.php?rest_route=%2Fwp%2Fv2%2Fmedia&parent=37363"}],"wp:term":[{"taxonomy":"category","embeddable":true,"href":"https:\/\/www.radioamigavallenar.cl\/index.php?rest_route=%2Fwp%2Fv2%2Fcategories&post=37363"},{"taxonomy":"post_tag","embeddable":true,"href":"https:\/\/www.radioamigavallenar.cl\/index.php?rest_route=%2Fwp%2Fv2%2Ftags&post=37363"}],"curies":[{"name":"wp","href":"https:\/\/api.w.org\/{rel}","templated":true}]}}