{"id":37360,"date":"2021-03-23T07:22:58","date_gmt":"2021-03-23T10:22:58","guid":{"rendered":"https:\/\/www.radioamigavallenar.cl\/?p=37360"},"modified":"2021-03-23T12:29:23","modified_gmt":"2021-03-23T15:29:23","slug":"us6-mil-millones-pinera-anuncia-nuevos-ife-mas-bonos-y-prestamos-para-clase-media-y-transportistas","status":"publish","type":"post","link":"https:\/\/www.radioamigavallenar.cl\/?p=37360","title":{"rendered":"US$6 mil millones: Pi\u00f1era anuncia nuevos IFE m\u00e1s bonos y pr\u00e9stamos para clase media y transportistas"},"content":{"rendered":"<p>La noche de ayer lunes, en un discurso grabado, el presidente Sebasti\u00e1n Pi\u00f1era anunci\u00f3 el <strong>\u201cfortalecimiento y extensi\u00f3n de la red de protecci\u00f3n social\u201d<\/strong>\u00a0en l\u00ednea con el recrudecimiento de la pandemia.<\/p>\n<p>En concreto, se trata de la extensi\u00f3n de la entrega del Ingreso Familiar de Emergencia\u00a0<strong>(IFE) para abril, mayo y junio<\/strong>.<\/p>\n<p>Para las familias que califiquen y vivan en comunas que hayan estado\u00a0<strong>en cuarentena por 14 d\u00edas o m\u00e1s<\/strong>, el nuevo IFE alcanzar\u00e1 a $100 mil mensuales por integrante del grupo familiar.<\/p>\n<p>Para las familias que vivan en comunas que hayan estado\u00a0<strong>un d\u00eda o m\u00e1s en cuarentena<\/strong>, el nuevo IFE alcanzar\u00e1 a $60 mil mensuales por miembro.<\/p>\n<p>Adicionalmente, durante los meses de\u00a0<strong>marzo, abril, mayo y junio se pagar\u00e1 un Bono Covid de $40 mil mensuales<\/strong>\u00a0por integrante del hogar para las familias que califiquen y vivan en comunas en Fase 2 (Transici\u00f3n) y de $25 mil para las familias que viven en comunas en Fase 3 (Preparaci\u00f3n).<\/p>\n<h2 style=\"text-align: center;\">Bonos y pr\u00e9stamos para clase media y transportistas<\/h2>\n<p>A lo anterior, el Mandatario sum\u00f3 al paquete\u00a0<strong>bonos y pr\u00e9stamos solidarios para la clase media<\/strong>.<\/p>\n<p>Para ello, el\u00a0<strong>Gobierno ingresar\u00e1 ma\u00f1ana martes al Congreso un proyecto<\/strong>\u00a0que crea un nuevo \u201cbono y pr\u00e9stamo solidario para la clase media\u201d.<\/p>\n<p>Este aporte ser\u00e1\u00a0<strong>de hasta $500 mil<\/strong>\u00a0y lo recibir\u00e1n las personas que califiquen y tengan una renta entre el salario m\u00ednimo y los $1,5 millones.<\/p>\n<p>Pero personas con mayores ingresos tambi\u00e9n podr\u00e1n optar a el, aunque\u00a0<strong>decrecer\u00e1 hasta el tope de los $2 millones<\/strong>.<\/p>\n<p>Adicionalmente a ese bono se entregar\u00e1 otro complementario para \u201cel mes siguiente\u201d, el que ir\u00e1\u00a0<strong>desde $100 mil hasta $250 mil<\/strong>\u00a0seg\u00fan la composici\u00f3n de la familia.<\/p>\n<p>Sobre el pr\u00e9stamo solidario para la clase media, este tendr\u00e1\u00a0<strong>cero inter\u00e9s, un a\u00f1o de gracia y cuatro a\u00f1os para pagar<\/strong>.<\/p>\n<p><strong>El pago m\u00e1ximo no podr\u00e1 exceder el 5% de los ingresos anuales<\/strong>\u00a0y de existir un saldo de deuda al t\u00e9rmino de ese periodo este se condonar\u00e1 autom\u00e1ticamente.<\/p>\n<p>\u201cEl pr\u00e9stamo solidario podr\u00e1 cubrir\u00a0<strong>hasta el 100% de la ca\u00edda de los ingresos<\/strong>, con un m\u00e1ximo de $650 mil por vez y podr\u00e1 ser solicitado hasta en tres oportunidades. Los beneficiarios del bono clase media tambi\u00e9n podr\u00e1n acceder a este hasta en dos oportunidades\u201d, detallaron desde el Gobierno.<\/p>\n<p>Junto a lo anterior, la idea busca autorizar a los municipios para\u00a0<strong>postergar nuevamente los pagos de contribuciones<\/strong>, a modo de evitar duplicaciones de pago debido a las postergaciones de 2020.<\/p>\n<p><strong>Los transportistas tambi\u00e9n fueron parte del anuncio<\/strong>\u00a0en l\u00ednea con \u201cla necesaria reducci\u00f3n de la movilidad\u201d de las personas para mitigar la pandemia, que ha golpeado fuertemente al gremio.<\/p>\n<p>\u201cPor esta raz\u00f3n, este proyecto de ley incluye un nuevo bono y pr\u00e9stamo solidario a los transportistas.\u00a0<strong>El bono alcanzar\u00e1 a los $350 mil y adem\u00e1s podr\u00e1n optar a un pr\u00e9stamo solidario de $320 mil<\/strong>, el que podr\u00e1 solicitarse en hasta tres oportunidades\u201d, explicaron desde Presidencia.<\/p>\n<h2 style=\"text-align: center;\">Mejora a los seguros de Cesant\u00eda y Protege<\/h2>\n<p>El proyecto del Ejecutivo tambi\u00e9n apuntar\u00e1 a\u00a0<strong>mejorar el seguro de cesant\u00eda<\/strong>\u00a0junto a la extensi\u00f3n del subsidio Protege y la creaci\u00f3n de un nuevo subsidio al empleo.<\/p>\n<p>En la actualidad, tras perder el empleo, el Seguro de Cesant\u00eda comienza el primer mes con un\u00a0<strong>pago equivalente al 70% del salario perdido<\/strong>\u00a0y va bajando mes a mes hasta llegar al 45%.<\/p>\n<p>La iniciativa aumenta el beneficio y permite que las personas que han perdido o tengan suspendido su trabajo\u00a0<strong>puedan volver a recibir el monto m\u00e1ximo estipulado<\/strong>. Esto favorecer\u00eda a m\u00e1s de 800 mil personas.<\/p>\n<p>Adem\u00e1s, para\u00a0<strong>promover el empleo formal<\/strong>, aparte de los subsidios Regresa, Contrata y Protege, el Gobierno quiere crear un nuevo aporte directo al bolsillo de un trabajador de esta naturaleza.<\/p>\n<p>\u201cEse subsidio alcanzar\u00e1 a\u00a0<strong>$50 mil mensuales por un per\u00edodo de seis meses y se incrementar\u00e1 a $70 mil mensuales<\/strong>\u00a0para trabajadores mujeres, j\u00f3venes o con discapacidad\u201d, detallaron desde el Ejecutivo.<\/p>\n<p>Adicionalmente,\u00a0<strong>La Moneda extender\u00e1 hasta agosto el subsidio Protege<\/strong>, que beneficia con un aporte del Estado de $200 mil mensuales por cada ni\u00f1o o ni\u00f1a menor de 2 a\u00f1os para madres o padres trabajadores.<\/p>\n<h2 style=\"text-align: center;\">Pymes<\/h2>\n<p>En cuanto a las Pymes, Pi\u00f1era anunci\u00f3 que\u00a0<strong>se aumentar\u00e1 en U$200 millones los subsidios de emprendimiento<\/strong>. Tambi\u00e9n prometi\u00f3 la simplificaci\u00f3n del acceso a estos.<\/p>\n<p>\u201cAdem\u00e1s, autorizaremos a los alcaldes a\u00a0<strong>prorrogar el pago de patentes comerciales, de alcoholes y contribuciones<\/strong>, y a condonar hasta en 90% los intereses penales y multas\u201d, dijo.<\/p>\n<p>\u201cBancoEstado anunciar\u00e1 la pr\u00f3rroga por hasta tres meses y sin intereses del pago de las cuotas de cr\u00e9dito de las Pymes que califiquen\u201d, a\u00f1adi\u00f3.<\/p>\n<h2 style=\"text-align: center;\">Salud<\/h2>\n<p>Finalmente, el anuncio tambi\u00e9n incluye\u00a0<strong>recursos adicionales por U$300 millones para fortalecer la red de salud primaria<\/strong>.<\/p>\n<p>Asimismo, esto busca \u201crobustecer el programa de Testeo, Trazabilidad y Aislamiento\u201d e\u00a0<strong>incrementar la compra de vacunas contra la covid-19<\/strong>.<\/p>\n<p>En su discurso, el Mandatario tambi\u00e9n mencion\u00f3 el desarrollo de un\u00a0<a href=\"http:\/\/www.proteccionsocial.gob.cl\/\">\u201cbuscador de beneficios\u201d<\/a>\u00a0disponible para todos los interesados en revisar alguna de las ayudas disponibles.<\/p>\n<p>En su momento, las ayudas originalmente informadas en 2020 para hacer frente a la crisis econ\u00f3mica asociada al coronavirus fueron calculadas en un\u00a0<strong>fondo de US$12 mil millones<\/strong>.<\/p>\n<p><strong>Este nuevo paquete de aportes y ayudas se calcul\u00f3 en US$6 mil millones<\/strong>, con lo cual el total de la respuesta de La Moneda a la emergencia creci\u00f3 a US$18 mil millones.<\/p>\n<h2 style=\"text-align: center;\">Reacciones<\/h2>\n<p>Desde la Comisi\u00f3n de Hacienda, el\u00a0<strong>diputado Guillermo Ram\u00edrez (UDI) celebr\u00f3<\/strong>\u00a0lo comunicado por Pi\u00f1era y llam\u00f3 a que el Congreso apruebe la propuesta \u201cr\u00e1pido\u201d.<\/p>\n<p>Por su parte, el diputado Mat\u00edas Walker (DC) dijo que valora el intento por ampliar la red de protecci\u00f3n, pero que el Gobierno se equivoca al caer en una\u00a0<strong>\u201cextrema focalizaci\u00f3n\u201d en los requisitos<\/strong>.<\/p>\n<p>En tanto, la diputada Alejandra Sep\u00falveda estuvo de acuerdo con su par falangista y afirm\u00f3 que\u00a0<strong>La Moneda err\u00f3 al no simplificar la entrega de ayudas<\/strong>.<\/p>\n<p><strong>\u201cLa gente est\u00e1 cansada de los grandes titulares<\/strong>\u00a0y que los beneficios no lleguen a las familias\u201d, lanz\u00f3.<\/p>\n<p>Desde el Senado, Ricardo\u00a0<strong>Lagos Weber (PPD) reconoci\u00f3 que el monto es sustantivo<\/strong>\u00a0y adelant\u00f3 que analizar\u00e1n el proyecto \u201ccon la mejor disposici\u00f3n\u201d, aunque se\u00f1al\u00f3 que se estudiar\u00e1 \u201ccon lupa\u201d lo de los pr\u00e9stamos.<\/p>\n<p>Finalmente, el senador\u00a0<strong>Juan Antonio Coloma (UDI)<\/strong>\u00a0coment\u00f3 que a su juicio el mensaje fue \u201cpoderoso y profundo\u201d, y que las palabras de Pi\u00f1era \u201cvan a la vena\u201d de los problemas m\u00e1s severos que sufre Chile. \u201cUn esfuerzo a la altura del nivel de la exigencia\u201d, a\u00f1adi\u00f3.<\/p>\n","protected":false},"excerpt":{"rendered":"<p>La noche de ayer lunes, en un discurso grabado, el presidente Sebasti\u00e1n Pi\u00f1era anunci\u00f3 el \u201cfortalecimiento y extensi\u00f3n de la red de protecci\u00f3n social\u201d\u00a0en l\u00ednea&hellip; <\/p>\n","protected":false},"author":2,"featured_media":37361,"comment_status":"open","ping_status":"closed","sticky":false,"template":"","format":"standard","meta":{"footnotes":""},"categories":[38],"tags":[],"class_list":["post-37360","post","type-post","status-publish","format-standard","has-post-thumbnail","hentry","category-portada-regional"],"_links":{"self":[{"href":"https:\/\/www.radioamigavallenar.cl\/index.php?rest_route=\/wp\/v2\/posts\/37360","targetHints":{"allow":["GET"]}}],"collection":[{"href":"https:\/\/www.radioamigavallenar.cl\/index.php?rest_route=\/wp\/v2\/posts"}],"about":[{"href":"https:\/\/www.radioamigavallenar.cl\/index.php?rest_route=\/wp\/v2\/types\/post"}],"author":[{"embeddable":true,"href":"https:\/\/www.radioamigavallenar.cl\/index.php?rest_route=\/wp\/v2\/users\/2"}],"replies":[{"embeddable":true,"href":"https:\/\/www.radioamigavallenar.cl\/index.php?rest_route=%2Fwp%2Fv2%2Fcomments&post=37360"}],"version-history":[{"count":1,"href":"https:\/\/www.radioamigavallenar.cl\/index.php?rest_route=\/wp\/v2\/posts\/37360\/revisions"}],"predecessor-version":[{"id":37362,"href":"https:\/\/www.radioamigavallenar.cl\/index.php?rest_route=\/wp\/v2\/posts\/37360\/revisions\/37362"}],"wp:featuredmedia":[{"embeddable":true,"href":"https:\/\/www.radioamigavallenar.cl\/index.php?rest_route=\/wp\/v2\/media\/37361"}],"wp:attachment":[{"href":"https:\/\/www.radioamigavallenar.cl\/index.php?rest_route=%2Fwp%2Fv2%2Fmedia&parent=37360"}],"wp:term":[{"taxonomy":"category","embeddable":true,"href":"https:\/\/www.radioamigavallenar.cl\/index.php?rest_route=%2Fwp%2Fv2%2Fcategories&post=37360"},{"taxonomy":"post_tag","embeddable":true,"href":"https:\/\/www.radioamigavallenar.cl\/index.php?rest_route=%2Fwp%2Fv2%2Ftags&post=37360"}],"curies":[{"name":"wp","href":"https:\/\/api.w.org\/{rel}","templated":true}]}}