{"id":37357,"date":"2021-03-23T06:00:14","date_gmt":"2021-03-23T09:00:14","guid":{"rendered":"https:\/\/www.radioamigavallenar.cl\/?p=37357"},"modified":"2021-03-22T22:02:50","modified_gmt":"2021-03-23T01:02:50","slug":"bancada-de-diputados-dc-se-cuadra-con-proyecto-de-royalty-minero-para-cobre-y-litio","status":"publish","type":"post","link":"https:\/\/www.radioamigavallenar.cl\/?p=37357","title":{"rendered":"Bancada de diputados DC se cuadra con proyecto de royalty minero para cobre y litio"},"content":{"rendered":"<p>La noche de ayer lunes, tras una reuni\u00f3n telem\u00e1tica con la precandidata presidencial Ximena Rinc\u00f3n, la <strong>bancada de diputados DC se cuadr\u00f3 con el proyecto de royalty minero<\/strong>.<\/p>\n<p>En concreto, se zanj\u00f3 aprobar de manera un\u00e1nime la medida que, entre otras cosas, establece una compensaci\u00f3n a favor del Estado por la explotaci\u00f3n de minerales como cobre y litio con un\u00a0<strong>3% del valor extraido<\/strong>.<\/p>\n<p>Seg\u00fan asistentes al encuentro virtual, el diputado Jos\u00e9 Miguel Ortiz \u2013 que hab\u00eda rechazado el proyecto en la comisi\u00f3n \u2013 sostuvo que su cambio de postura ocurri\u00f3 por una nula respuesta del Gobierno respecto a una solicitud que realiz\u00f3 para que se hiciera una comisi\u00f3n para analizar la importancia del royalty al cobre y al litio.<\/p>\n<p><strong>El martes har\u00eda el punto pol\u00edtico en el debate<\/strong>\u00a0emplazando al Ejecutivo, de acuerdo a lo que se\u00f1alan fuentes de Radio B\u00edo B\u00edo.<\/p>\n<p>El proyecto se votar\u00e1 ma\u00f1ana, y\u00a0<strong>est\u00e1 en tabla como tercer punto<\/strong>\u00a0del debate parlamentario.<\/p>\n<p>\u201cAdem\u00e1s, presentaremos indicaci\u00f3n para que una parte de lo recaudado financie una #RentaB\u00e1sicaUniversal para familias vulnerables y de clase media\u201d, public\u00f3 el diputado falangista Mat\u00edas Walker.<\/p>\n","protected":false},"excerpt":{"rendered":"<p>La noche de ayer lunes, tras una reuni\u00f3n telem\u00e1tica con la precandidata presidencial Ximena Rinc\u00f3n, la bancada de diputados DC se cuadr\u00f3 con el proyecto&hellip; <\/p>\n","protected":false},"author":2,"featured_media":37358,"comment_status":"open","ping_status":"closed","sticky":false,"template":"","format":"standard","meta":{"footnotes":""},"categories":[37],"tags":[],"class_list":["post-37357","post","type-post","status-publish","format-standard","has-post-thumbnail","hentry","category-nacional"],"_links":{"self":[{"href":"https:\/\/www.radioamigavallenar.cl\/index.php?rest_route=\/wp\/v2\/posts\/37357","targetHints":{"allow":["GET"]}}],"collection":[{"href":"https:\/\/www.radioamigavallenar.cl\/index.php?rest_route=\/wp\/v2\/posts"}],"about":[{"href":"https:\/\/www.radioamigavallenar.cl\/index.php?rest_route=\/wp\/v2\/types\/post"}],"author":[{"embeddable":true,"href":"https:\/\/www.radioamigavallenar.cl\/index.php?rest_route=\/wp\/v2\/users\/2"}],"replies":[{"embeddable":true,"href":"https:\/\/www.radioamigavallenar.cl\/index.php?rest_route=%2Fwp%2Fv2%2Fcomments&post=37357"}],"version-history":[{"count":1,"href":"https:\/\/www.radioamigavallenar.cl\/index.php?rest_route=\/wp\/v2\/posts\/37357\/revisions"}],"predecessor-version":[{"id":37359,"href":"https:\/\/www.radioamigavallenar.cl\/index.php?rest_route=\/wp\/v2\/posts\/37357\/revisions\/37359"}],"wp:featuredmedia":[{"embeddable":true,"href":"https:\/\/www.radioamigavallenar.cl\/index.php?rest_route=\/wp\/v2\/media\/37358"}],"wp:attachment":[{"href":"https:\/\/www.radioamigavallenar.cl\/index.php?rest_route=%2Fwp%2Fv2%2Fmedia&parent=37357"}],"wp:term":[{"taxonomy":"category","embeddable":true,"href":"https:\/\/www.radioamigavallenar.cl\/index.php?rest_route=%2Fwp%2Fv2%2Fcategories&post=37357"},{"taxonomy":"post_tag","embeddable":true,"href":"https:\/\/www.radioamigavallenar.cl\/index.php?rest_route=%2Fwp%2Fv2%2Ftags&post=37357"}],"curies":[{"name":"wp","href":"https:\/\/api.w.org\/{rel}","templated":true}]}}