{"id":37354,"date":"2021-03-23T06:00:25","date_gmt":"2021-03-23T09:00:25","guid":{"rendered":"https:\/\/www.radioamigavallenar.cl\/?p=37354"},"modified":"2021-03-22T21:20:27","modified_gmt":"2021-03-23T00:20:27","slug":"comienza-i-festival-de-innovacion-y-emprendimiento-juntos-por-un-mismo-norte","status":"publish","type":"post","link":"https:\/\/www.radioamigavallenar.cl\/?p=37354","title":{"rendered":"Comienza I Festival de Innovaci\u00f3n y Emprendimiento: Juntos por un mismo norte"},"content":{"rendered":"<p>La iniciativa, que busca ser un referente en temas de sostenibilidad, es impulsada por GEDES, organizaci\u00f3n l\u00edder en materia de proyectos sostenibles en el norte de Chile, en alianza con ACCI\u00d3N Empresas y con apoyo de Corfo a trav\u00e9s de su l\u00ednea Viraliza.<\/p>\n<p>El 23, 30 de marzo y el 6 de abril se realizar\u00e1n las tres jornadas del I Festival de Innovaci\u00f3n y Emprendimiento: \u201cJuntos por un mismo norte\u201d, evento virtual gratuito, centrado en las regiones de Antofagasta, Atacama y Coquimbo, que pondr\u00e1 \u00e9nfasis en la innovaci\u00f3n de triple impacto, el emprendimiento local y el desarrollo sostenible de estas tres zonas.<\/p>\n<p>Esa iniciativa es impulsada por GEDES, organizaci\u00f3n l\u00edder en materia de proyectos sostenibles en el norte de Chile, en alianza con ACCI\u00d3N Empresas y con apoyo de Corfo a trav\u00e9s de su l\u00ednea Viraliza. Al respecto, la directora regional de Corfo Atacama, Silvia Zuleta, destac\u00f3 la importancia de la asociatividad que se ha generado para llevar a cabo esta iniciativa: \u201cQueremos ser un referente de vanguardia en materia de sostenibilidad con foco en la reactivaci\u00f3n que Chile y el mundo necesita, pero con un \u00e9nfasis en el triple impacto. Adem\u00e1s, esta es una actividad in\u00e9dita, que contar\u00e1 con una serie de expositores de primer nivel, cuyos relatos nos permitir\u00e1n replantearnos c\u00f3mo somos un aporte concreto al bienestar de nuestros territorios\u201d.<\/p>\n<p>Por su parte, Roberto Cervela, Gerente General de GEDES, indica que \u201cya no da lo mismo c\u00f3mo se produce o c\u00f3mo se gana dinero, el consumidor de productos o servicios, est\u00e1n mirando la etiqueta, se est\u00e1n informando y quiere no solo conocer la procedencia, sino tambi\u00e9n la estrategia de ese negocio, el relacionamiento con su entorno, las relaciones con sus colaboradores, el modelo de producci\u00f3n o servicio\u201d.<\/p>\n<p>Cada jornada de esta experiencia colaborativa profundizar\u00e1 en una tem\u00e1tica distinta, respondiendo a preguntas como \u00bfPor qu\u00e9 ser sostenible?, \u00bfQu\u00e9 necesito para que mi empresa sea sostenible? y \u00bfC\u00f3mo hago que mi empresa sea sostenible?, respectivamente. Adem\u00e1s, contar\u00e1 con la participaci\u00f3n de autoridades de Gobierno, expositores internacionales y nacionales, c\u00e1psulas de innovaci\u00f3n, paneles de conversaci\u00f3n liderados por destacadas empresas regionales y bloques culturales que incorporar\u00e1n la visi\u00f3n de importantes artistas nacionales, como \u201cLos Jaivas\u201d.<\/p>\n<p>El 23 de marzo estar\u00e1n Gonzalo Mu\u00f1oz de High Level Climate Action, Champion Cop25 y V\u00edctor Vi\u00f1uales, Director Ejecutivo de ECODES &#8211; Espa\u00f1a (Fundaci\u00f3n Ecolog\u00eda y Desarrollo). El 30 de marzo expondr\u00e1 Reinalina Chavarri, Directora del Observatorio de Sostenibilidad de la Facultad de Econom\u00eda y Negocios de la Universidad de Chile; y Edita Olaizola, Directora People plus! Profit. Por \u00faltimo, el 6 de abril, inaugurar\u00e1 la jornada Gunter Pauli, conocido como el padre de la Econom\u00eda Azul; y Mauricio Russo, CEO de Casaideas.<\/p>\n<p>Toda la informaci\u00f3n sobre los expositores, horarios e inscripci\u00f3n a \u201cJuntos por un mismo norte\u201d se encuentra en www.juntosporunmismonorte.cl.<\/p>\n","protected":false},"excerpt":{"rendered":"<p>La iniciativa, que busca ser un referente en temas de sostenibilidad, es impulsada por GEDES, organizaci\u00f3n l\u00edder en materia de proyectos sostenibles en el norte&hellip; <\/p>\n","protected":false},"author":2,"featured_media":37355,"comment_status":"open","ping_status":"closed","sticky":false,"template":"","format":"standard","meta":{"footnotes":""},"categories":[7],"tags":[],"class_list":["post-37354","post","type-post","status-publish","format-standard","has-post-thumbnail","hentry","category-atacama"],"_links":{"self":[{"href":"https:\/\/www.radioamigavallenar.cl\/index.php?rest_route=\/wp\/v2\/posts\/37354","targetHints":{"allow":["GET"]}}],"collection":[{"href":"https:\/\/www.radioamigavallenar.cl\/index.php?rest_route=\/wp\/v2\/posts"}],"about":[{"href":"https:\/\/www.radioamigavallenar.cl\/index.php?rest_route=\/wp\/v2\/types\/post"}],"author":[{"embeddable":true,"href":"https:\/\/www.radioamigavallenar.cl\/index.php?rest_route=\/wp\/v2\/users\/2"}],"replies":[{"embeddable":true,"href":"https:\/\/www.radioamigavallenar.cl\/index.php?rest_route=%2Fwp%2Fv2%2Fcomments&post=37354"}],"version-history":[{"count":1,"href":"https:\/\/www.radioamigavallenar.cl\/index.php?rest_route=\/wp\/v2\/posts\/37354\/revisions"}],"predecessor-version":[{"id":37356,"href":"https:\/\/www.radioamigavallenar.cl\/index.php?rest_route=\/wp\/v2\/posts\/37354\/revisions\/37356"}],"wp:featuredmedia":[{"embeddable":true,"href":"https:\/\/www.radioamigavallenar.cl\/index.php?rest_route=\/wp\/v2\/media\/37355"}],"wp:attachment":[{"href":"https:\/\/www.radioamigavallenar.cl\/index.php?rest_route=%2Fwp%2Fv2%2Fmedia&parent=37354"}],"wp:term":[{"taxonomy":"category","embeddable":true,"href":"https:\/\/www.radioamigavallenar.cl\/index.php?rest_route=%2Fwp%2Fv2%2Fcategories&post=37354"},{"taxonomy":"post_tag","embeddable":true,"href":"https:\/\/www.radioamigavallenar.cl\/index.php?rest_route=%2Fwp%2Fv2%2Ftags&post=37354"}],"curies":[{"name":"wp","href":"https:\/\/api.w.org\/{rel}","templated":true}]}}