{"id":37351,"date":"2021-03-23T06:00:38","date_gmt":"2021-03-23T09:00:38","guid":{"rendered":"https:\/\/www.radioamigavallenar.cl\/?p=37351"},"modified":"2021-03-22T21:15:19","modified_gmt":"2021-03-23T00:15:19","slug":"seremi-de-salud-s-mauricio-bertoglia-estas-semanas-estamos-intensificando-las-fiscalizaciones","status":"publish","type":"post","link":"https:\/\/www.radioamigavallenar.cl\/?p=37351","title":{"rendered":"Seremi de Salud (S), Mauricio Bertoglia  \u201cEstas semanas estamos intensificando las fiscalizaciones\u201d"},"content":{"rendered":"<p class=\"x_MsoNormal\"><span lang=\"ES-TRAD\">Tras el alza de contagios que se ha visto en la regi\u00f3n y el pa\u00eds, la Autoridad Sanitaria junto a Ej\u00e9rcito de Chile, han desplegado a sus equipos para fortalecer la fiscalizaci\u00f3n en las diversas \u00e1reas.<\/span><\/p>\n<p class=\"x_MsoNormal\"><span lang=\"ES-TRAD\">En la semana del 15 al 21 de marzo se realizaron 4.308 fiscalizaciones por uso de mascarillas, permiso de desplazamiento, distanciamiento, se\u00f1al\u00e9tica, entre otros. Arrojando 47 sumarios sanitarios.<\/span><\/p>\n<p class=\"x_MsoNormal\"><span lang=\"ES-TRAD\">Respecto a las fiscalizaciones de las cuarentenas individuales, el equipo revisa que el positivo, contacto estrecho, sospechoso o viajero que est\u00e9n cumpliendo su aislamiento seguro y efectivo, en esta semana se realizaron 1.017 visitas, arrojando 6 sumarios por incumplimiento a la medida sanitaria.<\/span><\/p>\n<p class=\"x_MsoNormal\"><span lang=\"ES-TRAD\">El Seremi de Salud (S); Mauricio Bertoglia, se\u00f1al\u00f3 \u201cNos encontramos realizando un refuerzo en las fiscalizaciones en toda nuestra regi\u00f3n, esto con el apoyo de Fuerzas Armadas y de Orden, con el fin de disminuir la movilidad y con ello los contagios. Reiteramos el llamado a respetar las normas sanitarias dispuestas, esta lucha contra la pandemia es una tarea de todos\u201d.<\/span><\/p>\n<p class=\"x_MsoNormal\"><span lang=\"ES-TRAD\">Cabe destacar, que los equipos se encuentran recorriendo todas las comunas de la regi\u00f3n, fiscalizando el cumplimiento dependiendo la fase que cursa la comuna.<\/span><\/p>\n","protected":false},"excerpt":{"rendered":"<p>Tras el alza de contagios que se ha visto en la regi\u00f3n y el pa\u00eds, la Autoridad Sanitaria junto a Ej\u00e9rcito de Chile, han desplegado&hellip; <\/p>\n","protected":false},"author":2,"featured_media":37352,"comment_status":"open","ping_status":"closed","sticky":false,"template":"","format":"standard","meta":{"footnotes":""},"categories":[7],"tags":[],"class_list":["post-37351","post","type-post","status-publish","format-standard","has-post-thumbnail","hentry","category-atacama"],"_links":{"self":[{"href":"https:\/\/www.radioamigavallenar.cl\/index.php?rest_route=\/wp\/v2\/posts\/37351","targetHints":{"allow":["GET"]}}],"collection":[{"href":"https:\/\/www.radioamigavallenar.cl\/index.php?rest_route=\/wp\/v2\/posts"}],"about":[{"href":"https:\/\/www.radioamigavallenar.cl\/index.php?rest_route=\/wp\/v2\/types\/post"}],"author":[{"embeddable":true,"href":"https:\/\/www.radioamigavallenar.cl\/index.php?rest_route=\/wp\/v2\/users\/2"}],"replies":[{"embeddable":true,"href":"https:\/\/www.radioamigavallenar.cl\/index.php?rest_route=%2Fwp%2Fv2%2Fcomments&post=37351"}],"version-history":[{"count":1,"href":"https:\/\/www.radioamigavallenar.cl\/index.php?rest_route=\/wp\/v2\/posts\/37351\/revisions"}],"predecessor-version":[{"id":37353,"href":"https:\/\/www.radioamigavallenar.cl\/index.php?rest_route=\/wp\/v2\/posts\/37351\/revisions\/37353"}],"wp:featuredmedia":[{"embeddable":true,"href":"https:\/\/www.radioamigavallenar.cl\/index.php?rest_route=\/wp\/v2\/media\/37352"}],"wp:attachment":[{"href":"https:\/\/www.radioamigavallenar.cl\/index.php?rest_route=%2Fwp%2Fv2%2Fmedia&parent=37351"}],"wp:term":[{"taxonomy":"category","embeddable":true,"href":"https:\/\/www.radioamigavallenar.cl\/index.php?rest_route=%2Fwp%2Fv2%2Fcategories&post=37351"},{"taxonomy":"post_tag","embeddable":true,"href":"https:\/\/www.radioamigavallenar.cl\/index.php?rest_route=%2Fwp%2Fv2%2Ftags&post=37351"}],"curies":[{"name":"wp","href":"https:\/\/api.w.org\/{rel}","templated":true}]}}