{"id":37349,"date":"2021-03-23T06:00:09","date_gmt":"2021-03-23T09:00:09","guid":{"rendered":"https:\/\/www.radioamigavallenar.cl\/?p=37349"},"modified":"2021-03-22T21:10:58","modified_gmt":"2021-03-23T00:10:58","slug":"diputada-sofia-cid-verifico-en-terreno-la-reposicion-de-cercos-en-la-carretera-copiapo-caldera","status":"publish","type":"post","link":"https:\/\/www.radioamigavallenar.cl\/?p=37349","title":{"rendered":"Diputada Sof\u00eda Cid verific\u00f3 en terreno la reposici\u00f3n de cercos en la carretera Copiap\u00f3-Caldera"},"content":{"rendered":"<p>Luego que la diputada de Renovaci\u00f3n Nacional, Sof\u00eda Cid Versalovic, oficiara al secretario regional ministerial de Obras P\u00fablicas Atacama para que se realizaran las gestiones para la reposici\u00f3n de los cierres en la carretera Copiap\u00f3-Caldera, la parlamentaria se dirigi\u00f3 a terreno para verificar que se estaba trabajando en la reposici\u00f3n de los cercos y garantizar la seguridad de los conductores y transe\u00fantes que utilizan esta importante arteria vial en Atacama.<\/p>\n<p>\u201cNos encontramos en terreno contentos y satisfechos que nuestras solicitudes sean tomadas en cuenta por las autoridades competentes, es por eso que estamos verificando que nuestro trabajo est\u00e1 dejando frutos por lo que nos llena tranquilidad que nuestros atacame\u00f1os puedan transitar sin ning\u00fan riesgo por esta autopista\u201d, expres\u00f3 Cid.<\/p>\n<p>La parlamentaria destac\u00f3 la importancia de seguir los conductos regulares para avanzar en las distintas materias, pero que muchas veces hay que insistir para lograr los objetivos. \u201cEn esta oportunidad oficie y recibimos respuestas positivas, por lo que es fundamental seguir trabajando para cumplir con cada uno de los proyectos en los que trabajamos para mejor la calidad de vida de los atacame\u00f1os\u201d, asegur\u00f3.<\/p>\n<p>Finalmente, la parlamentaria insisti\u00f3 que \u201caqu\u00ed pudimos verificar que est\u00e1n colocando los cierres, un cierre que no estaba, esto da seguridad a toda la gente que transita por la carretera Copiap\u00f3-Caldera y es importante ver que ya se est\u00e1n tomando las acciones y que nuestro oficio de fiscalizaci\u00f3n sirvi\u00f3 para que se tomar\u00e1n cartas en el asunto y hoy vemos como se est\u00e1n colocando los palos que hab\u00edan desaparecidos y colocando el alambre de p\u00faa que tampoco estaba anteriormente\u201d.<\/p>\n","protected":false},"excerpt":{"rendered":"<p>Luego que la diputada de Renovaci\u00f3n Nacional, Sof\u00eda Cid Versalovic, oficiara al secretario regional ministerial de Obras P\u00fablicas Atacama para que se realizaran las gestiones&hellip; <\/p>\n","protected":false},"author":2,"featured_media":29169,"comment_status":"open","ping_status":"closed","sticky":false,"template":"","format":"standard","meta":{"footnotes":""},"categories":[7],"tags":[],"class_list":["post-37349","post","type-post","status-publish","format-standard","has-post-thumbnail","hentry","category-atacama"],"_links":{"self":[{"href":"https:\/\/www.radioamigavallenar.cl\/index.php?rest_route=\/wp\/v2\/posts\/37349","targetHints":{"allow":["GET"]}}],"collection":[{"href":"https:\/\/www.radioamigavallenar.cl\/index.php?rest_route=\/wp\/v2\/posts"}],"about":[{"href":"https:\/\/www.radioamigavallenar.cl\/index.php?rest_route=\/wp\/v2\/types\/post"}],"author":[{"embeddable":true,"href":"https:\/\/www.radioamigavallenar.cl\/index.php?rest_route=\/wp\/v2\/users\/2"}],"replies":[{"embeddable":true,"href":"https:\/\/www.radioamigavallenar.cl\/index.php?rest_route=%2Fwp%2Fv2%2Fcomments&post=37349"}],"version-history":[{"count":1,"href":"https:\/\/www.radioamigavallenar.cl\/index.php?rest_route=\/wp\/v2\/posts\/37349\/revisions"}],"predecessor-version":[{"id":37350,"href":"https:\/\/www.radioamigavallenar.cl\/index.php?rest_route=\/wp\/v2\/posts\/37349\/revisions\/37350"}],"wp:featuredmedia":[{"embeddable":true,"href":"https:\/\/www.radioamigavallenar.cl\/index.php?rest_route=\/wp\/v2\/media\/29169"}],"wp:attachment":[{"href":"https:\/\/www.radioamigavallenar.cl\/index.php?rest_route=%2Fwp%2Fv2%2Fmedia&parent=37349"}],"wp:term":[{"taxonomy":"category","embeddable":true,"href":"https:\/\/www.radioamigavallenar.cl\/index.php?rest_route=%2Fwp%2Fv2%2Fcategories&post=37349"},{"taxonomy":"post_tag","embeddable":true,"href":"https:\/\/www.radioamigavallenar.cl\/index.php?rest_route=%2Fwp%2Fv2%2Ftags&post=37349"}],"curies":[{"name":"wp","href":"https:\/\/api.w.org\/{rel}","templated":true}]}}