{"id":37346,"date":"2021-03-23T06:00:24","date_gmt":"2021-03-23T09:00:24","guid":{"rendered":"https:\/\/www.radioamigavallenar.cl\/?p=37346"},"modified":"2021-03-22T21:04:11","modified_gmt":"2021-03-23T00:04:11","slug":"subsecretario-pizarro-visita-a-auxiliares-del-liceo-bicentenario-para-entregar-equipos-de-proteccion-personal","status":"publish","type":"post","link":"https:\/\/www.radioamigavallenar.cl\/?p=37346","title":{"rendered":"Subsecretario Pizarro Visita a auxiliares del Liceo Bicentenario para entregar Equipos de Protecci\u00f3n Personal"},"content":{"rendered":"<p><strong>Subsecretario Pizarro Visita a auxiliares del Liceo Bicentenario para entregar Equipos de Protecci\u00f3n Personal.<\/strong><span id=\"more-136056\"><\/span><\/p>\n<p>En su visita a nuestra regi\u00f3n, el Subsecretario de Previsi\u00f3n Social recalc\u00f3 la importancia del autocuidado, sobretodo, durante la crisis sanitaria.<\/p>\n<p>Durante la visita del Subsecretario de Previsi\u00f3n Social, Pedro Pizarro, a la regi\u00f3n de Atacama, se realiz\u00f3 una actividad liderada por el Instituto de Seguridad Laboral (ISL) Atacama en el Liceo Bicentenario, que ten\u00eda como finalidad entregar los Equipos de Protecci\u00f3n Personal (EPP) a los auxiliares del establecimiento.<\/p>\n<p>\u201cEs de suma relevancia que nuestros trabajadores se sientan protegidos y cuidados. Recordemos que una de las principales medidas para frenar los contagios por covid-19 es el autocuidado y, en esta l\u00ednea, es que se hace entrega de un kit de EPP para tiempos de covid\u201d, se\u00f1al\u00f3 el Subsecretario Pedro Pizarro.<\/p>\n<p>Por su parte, el Director de ISL Atacama, Pablo Rojas explic\u00f3 que \u201cuno de nuestros principales deberes es asegurarnos que los trabajadores y trabajadores realicen sus funciones sinti\u00e9ndose protegidos, con la implementaci\u00f3n correcta, sobre todo, en tiempos donde vivimos una crisis sanitaria de la cual, la principal forma de evitar un contagio es el autocuidado\u201d<\/p>\n<p>Asimismo, la Seremi (s) del Trabajo y Previsi\u00f3n Social de Atacama explic\u00f3 que \u201ccon ISL, durante la pandemia, hemos mes a mes llegado a todos nuestros afiliados para ense\u00f1ar el uso correcto de EPP, de medidas de autocuidado y respondiendo sus dudas respecto a qu\u00e9 hacer en caso de ser contacto estrecho. Sabemos que hay rubros laborales que no se han detenido y a quienes debemos entregarles los mayores resguardos para cuidar su salud y la de sus seres queridos\u201d.<\/p>\n<p>En la actividad se entregaron 14 kit de autocuidado y, adem\u00e1s, se entreg\u00f3 una charla para ense\u00f1ar el uso correcto de estos.<\/p>\n","protected":false},"excerpt":{"rendered":"<p>Subsecretario Pizarro Visita a auxiliares del Liceo Bicentenario para entregar Equipos de Protecci\u00f3n Personal. En su visita a nuestra regi\u00f3n, el Subsecretario de Previsi\u00f3n Social&hellip; <\/p>\n","protected":false},"author":2,"featured_media":37347,"comment_status":"open","ping_status":"closed","sticky":false,"template":"","format":"standard","meta":{"footnotes":""},"categories":[7],"tags":[],"class_list":["post-37346","post","type-post","status-publish","format-standard","has-post-thumbnail","hentry","category-atacama"],"_links":{"self":[{"href":"https:\/\/www.radioamigavallenar.cl\/index.php?rest_route=\/wp\/v2\/posts\/37346","targetHints":{"allow":["GET"]}}],"collection":[{"href":"https:\/\/www.radioamigavallenar.cl\/index.php?rest_route=\/wp\/v2\/posts"}],"about":[{"href":"https:\/\/www.radioamigavallenar.cl\/index.php?rest_route=\/wp\/v2\/types\/post"}],"author":[{"embeddable":true,"href":"https:\/\/www.radioamigavallenar.cl\/index.php?rest_route=\/wp\/v2\/users\/2"}],"replies":[{"embeddable":true,"href":"https:\/\/www.radioamigavallenar.cl\/index.php?rest_route=%2Fwp%2Fv2%2Fcomments&post=37346"}],"version-history":[{"count":1,"href":"https:\/\/www.radioamigavallenar.cl\/index.php?rest_route=\/wp\/v2\/posts\/37346\/revisions"}],"predecessor-version":[{"id":37348,"href":"https:\/\/www.radioamigavallenar.cl\/index.php?rest_route=\/wp\/v2\/posts\/37346\/revisions\/37348"}],"wp:featuredmedia":[{"embeddable":true,"href":"https:\/\/www.radioamigavallenar.cl\/index.php?rest_route=\/wp\/v2\/media\/37347"}],"wp:attachment":[{"href":"https:\/\/www.radioamigavallenar.cl\/index.php?rest_route=%2Fwp%2Fv2%2Fmedia&parent=37346"}],"wp:term":[{"taxonomy":"category","embeddable":true,"href":"https:\/\/www.radioamigavallenar.cl\/index.php?rest_route=%2Fwp%2Fv2%2Fcategories&post=37346"},{"taxonomy":"post_tag","embeddable":true,"href":"https:\/\/www.radioamigavallenar.cl\/index.php?rest_route=%2Fwp%2Fv2%2Ftags&post=37346"}],"curies":[{"name":"wp","href":"https:\/\/api.w.org\/{rel}","templated":true}]}}