{"id":37343,"date":"2021-03-23T06:00:29","date_gmt":"2021-03-23T09:00:29","guid":{"rendered":"https:\/\/www.radioamigavallenar.cl\/?p=37343"},"modified":"2021-03-22T21:03:14","modified_gmt":"2021-03-23T00:03:14","slug":"puerto-de-caldera-hallazgo-de-plaga-de-larvas-polillas-gitanas-a-bordo-mn-clipper-belle","status":"publish","type":"post","link":"https:\/\/www.radioamigavallenar.cl\/?p=37343","title":{"rendered":"Puerto de Caldera: Hallazgo de plaga de Larvas Polillas Gitanas a bordo MN Clipper Belle"},"content":{"rendered":"<p><strong><span lang=\"ES\">Durante la recepci\u00f3n f\u00edsica de la MN Clipper Belle, de Bandera de Panam\u00e1, la Autoridad Mar\u00edtima recibi\u00f3 la novedad por parte del representante del Servicio Agr\u00edcola Ganadero (SAG) , que se encontraron Larvas de Polilla Gitana (Limantria Dyspar) en el sector de las bodegas, no siendo aprobado por parte de ese Servicio P\u00fablico la recepci\u00f3n del buque. La Autoridad Mar\u00edtima, al tener estos antecedentes, no entreg\u00f3 la Libre Pl\u00e1tica hasta obtener el resultado de la aplicaci\u00f3n de pesticidas de uso sanitario, autorizados por el Ministerio de Salud y el Servicio Agr\u00edcola y Ganadero.<\/span><\/strong><span id=\"more-136050\"><\/span><\/p>\n<p><span lang=\"ES\">La Polilla Gitana (Limantria Dyspar), es una plaga ausente en nuestro pa\u00eds, siendo originaria de Europa y Asia, correspondiendo a uno de los desfoliadores de especies forestales de mayor relevancia a nivel mundial.<\/span><\/p>\n<p><span lang=\"ES\">La Autoridad Mar\u00edtima Local, conforme a la circular O-31\/17, exigi\u00f3 el cumplimiento de todos los protocolos existentes, objeto resguardar el medio ambiente de cualquier agente externo que lo pudiese da\u00f1ar.<\/span><\/p>\n<p><span lang=\"ES\">El d\u00eda s\u00e1bado 20 de marzo, se efectu\u00f3 la fumigaci\u00f3n, declar\u00e1ndose en buque libre de plaga, entreg\u00e1ndole la Libre Pl\u00e1tica, para la ejecuci\u00f3n de sus tareas comerciales.<\/span><\/p>\n","protected":false},"excerpt":{"rendered":"<p>Durante la recepci\u00f3n f\u00edsica de la MN Clipper Belle, de Bandera de Panam\u00e1, la Autoridad Mar\u00edtima recibi\u00f3 la novedad por parte del representante del Servicio&hellip; <\/p>\n","protected":false},"author":2,"featured_media":37344,"comment_status":"open","ping_status":"closed","sticky":false,"template":"","format":"standard","meta":{"footnotes":""},"categories":[7],"tags":[],"class_list":["post-37343","post","type-post","status-publish","format-standard","has-post-thumbnail","hentry","category-atacama"],"_links":{"self":[{"href":"https:\/\/www.radioamigavallenar.cl\/index.php?rest_route=\/wp\/v2\/posts\/37343","targetHints":{"allow":["GET"]}}],"collection":[{"href":"https:\/\/www.radioamigavallenar.cl\/index.php?rest_route=\/wp\/v2\/posts"}],"about":[{"href":"https:\/\/www.radioamigavallenar.cl\/index.php?rest_route=\/wp\/v2\/types\/post"}],"author":[{"embeddable":true,"href":"https:\/\/www.radioamigavallenar.cl\/index.php?rest_route=\/wp\/v2\/users\/2"}],"replies":[{"embeddable":true,"href":"https:\/\/www.radioamigavallenar.cl\/index.php?rest_route=%2Fwp%2Fv2%2Fcomments&post=37343"}],"version-history":[{"count":1,"href":"https:\/\/www.radioamigavallenar.cl\/index.php?rest_route=\/wp\/v2\/posts\/37343\/revisions"}],"predecessor-version":[{"id":37345,"href":"https:\/\/www.radioamigavallenar.cl\/index.php?rest_route=\/wp\/v2\/posts\/37343\/revisions\/37345"}],"wp:featuredmedia":[{"embeddable":true,"href":"https:\/\/www.radioamigavallenar.cl\/index.php?rest_route=\/wp\/v2\/media\/37344"}],"wp:attachment":[{"href":"https:\/\/www.radioamigavallenar.cl\/index.php?rest_route=%2Fwp%2Fv2%2Fmedia&parent=37343"}],"wp:term":[{"taxonomy":"category","embeddable":true,"href":"https:\/\/www.radioamigavallenar.cl\/index.php?rest_route=%2Fwp%2Fv2%2Fcategories&post=37343"},{"taxonomy":"post_tag","embeddable":true,"href":"https:\/\/www.radioamigavallenar.cl\/index.php?rest_route=%2Fwp%2Fv2%2Ftags&post=37343"}],"curies":[{"name":"wp","href":"https:\/\/api.w.org\/{rel}","templated":true}]}}