{"id":37340,"date":"2021-03-23T06:00:18","date_gmt":"2021-03-23T09:00:18","guid":{"rendered":"https:\/\/www.radioamigavallenar.cl\/?p=37340"},"modified":"2021-03-22T21:01:35","modified_gmt":"2021-03-23T00:01:35","slug":"gobierno-confirma-suspension-de-permiso-personal-es-solo-por-este-fin-de-semana","status":"publish","type":"post","link":"https:\/\/www.radioamigavallenar.cl\/?p=37340","title":{"rendered":"Gobierno confirma: suspensi\u00f3n de permiso personal es solo por este fin de semana"},"content":{"rendered":"<p>Autoridades de Salud explicaron la decisi\u00f3n informada en la ma\u00f1ana frente a las dudas surgidas sobre la suspensi\u00f3n del permiso general individual.<span id=\"more-243862\"><\/span><\/p>\n<p>&nbsp;<\/p>\n<p>El gobierno<strong>\u00a0aclar\u00f3 informaciones respecto a la suspensi\u00f3n del permiso de personal<\/strong>\u00a0para movilizaci\u00f3n en comunas que est\u00e9n en fase 1 de cuarentena o en fin de semana de cuarentena.<\/p>\n<p>Al respecto las autoridades enfatizaron que, finalmente,\u00a0<strong>ser\u00e1 solo un fin de semana en el que se realizar\u00e1 la suspensi\u00f3n del permiso personal general<\/strong>, especificaci\u00f3n que no se hab\u00eda entregado durante la ma\u00f1ana.<\/p>\n<p>En ese sentido, la subsecretaria de Salud, Paula Daza, explic\u00f3 que\u00a0<strong>\u00aben ning\u00fan caso esto es un retroceso de lo que comentamos en la ma\u00f1ana, fue que esto ten\u00eda que ser lo m\u00e1s corto posible\u00bb.<\/strong><\/p>\n<p>Por esa raz\u00f3n, se\u00f1al\u00f3 que es una decisi\u00f3n tomada dentro del Plan Marzo y que\u00a0<strong>\u00abpor eso anunciamos que lo vamos a hacer este fin de semana\u00bb, correspondiente al 27 y 28 de marzo \u00fanicamente.<\/strong><\/p>\n<p>La autoridad de Salud explic\u00f3 que \u00abla suspensi\u00f3n va a permitir disminuir los desplazamientos (\u2026) para la contenci\u00f3n de la pandemia\u00bb y que<strong>\u00a0\u00abnecesitamos, de verdad, reducir la movilidad en los pr\u00f3ximos d\u00edas\u00bb.<\/strong><\/p>\n<p>Por otra parte, la subsecretaria de Prevenci\u00f3n del delito,\u00a0<strong>Katherine Martorell,\u00a0<\/strong>detall\u00f3 que el \u00abpermiso general, lamentablemente, muchas veces era utilizado no para abastecerse (\u2026) sino para juntarse con otras personas, tener reuniones\u00bb.<\/p>\n<p>Sin embargo, explic\u00f3 que otros tipo de situaciones como emergencias m\u00e9dicas, no requieren permiso. En cuanto a los permisos de la semana en cuarentena, siguen siendo dos a disposici\u00f3n de las personas, \u00fanicamente para abastecimiento.<\/p>\n<h2>Abastecerse en la semana<\/h2>\n<p>En una reuni\u00f3n sostenida esta jornada, l<strong>as autoridades conversaron con representantes de las ferias libres,<\/strong>\u00a0con el objetivo de coordinar el abastecimiento de la poblaci\u00f3n .<\/p>\n<p>En ese sentido, hicieron un llamado a abastecerse en la semana, enfatizando que los feriantes har\u00e1n turnos m\u00e1s extensos para atender a la poblaci\u00f3n. Adem\u00e1s, indicaron que\u00a0<strong>los fines de semana trabajar\u00e1n solo con \u00abdelivery\u00bb,<\/strong>\u00a0pero que estar\u00e1n abiertos y atendiendo a los clientes.<\/p>\n<p>Al respecto, el subsecretario de Agricultura,\u00a0<strong>Jos\u00e9 Ignacio Pinochet,<\/strong>\u00a0dijo que el gremio de las ferias \u00abvan a hacer un sacrificio y van a apoyar esta medida\u00bb, por lo que pidi\u00f3;<strong>\u00a0\u00abhagamos las compras en las ferias, en los mercados, hasta el viernes, hagamos el esfuerzo s\u00e1bado y domingo\u00bb,\u00a0<\/strong>refiri\u00e9ndose a quedarse en casa cumpliendo con la norma sanitaria.<\/p>\n<p>Asimismo, el representante de la Asociaci\u00f3n de Ferias Libres de Chile, hizo un\u00a0<strong>\u00abllamado a nuestros colegas de que este fin de semana van a poder estar en sus ferias, pero realizando delivery,<\/strong>\u00a0no va a haber permiso para las personas, pero s\u00ed vamos a poder hacer delivery, atender llamados y pedidos\u00bb.<\/p>\n","protected":false},"excerpt":{"rendered":"<p>Autoridades de Salud explicaron la decisi\u00f3n informada en la ma\u00f1ana frente a las dudas surgidas sobre la suspensi\u00f3n del permiso general individual. &nbsp; El gobierno\u00a0aclar\u00f3&hellip; <\/p>\n","protected":false},"author":2,"featured_media":37341,"comment_status":"open","ping_status":"closed","sticky":false,"template":"","format":"standard","meta":{"footnotes":""},"categories":[37],"tags":[],"class_list":["post-37340","post","type-post","status-publish","format-standard","has-post-thumbnail","hentry","category-nacional"],"_links":{"self":[{"href":"https:\/\/www.radioamigavallenar.cl\/index.php?rest_route=\/wp\/v2\/posts\/37340","targetHints":{"allow":["GET"]}}],"collection":[{"href":"https:\/\/www.radioamigavallenar.cl\/index.php?rest_route=\/wp\/v2\/posts"}],"about":[{"href":"https:\/\/www.radioamigavallenar.cl\/index.php?rest_route=\/wp\/v2\/types\/post"}],"author":[{"embeddable":true,"href":"https:\/\/www.radioamigavallenar.cl\/index.php?rest_route=\/wp\/v2\/users\/2"}],"replies":[{"embeddable":true,"href":"https:\/\/www.radioamigavallenar.cl\/index.php?rest_route=%2Fwp%2Fv2%2Fcomments&post=37340"}],"version-history":[{"count":1,"href":"https:\/\/www.radioamigavallenar.cl\/index.php?rest_route=\/wp\/v2\/posts\/37340\/revisions"}],"predecessor-version":[{"id":37342,"href":"https:\/\/www.radioamigavallenar.cl\/index.php?rest_route=\/wp\/v2\/posts\/37340\/revisions\/37342"}],"wp:featuredmedia":[{"embeddable":true,"href":"https:\/\/www.radioamigavallenar.cl\/index.php?rest_route=\/wp\/v2\/media\/37341"}],"wp:attachment":[{"href":"https:\/\/www.radioamigavallenar.cl\/index.php?rest_route=%2Fwp%2Fv2%2Fmedia&parent=37340"}],"wp:term":[{"taxonomy":"category","embeddable":true,"href":"https:\/\/www.radioamigavallenar.cl\/index.php?rest_route=%2Fwp%2Fv2%2Fcategories&post=37340"},{"taxonomy":"post_tag","embeddable":true,"href":"https:\/\/www.radioamigavallenar.cl\/index.php?rest_route=%2Fwp%2Fv2%2Ftags&post=37340"}],"curies":[{"name":"wp","href":"https:\/\/api.w.org\/{rel}","templated":true}]}}