{"id":37337,"date":"2021-03-23T06:00:15","date_gmt":"2021-03-23T09:00:15","guid":{"rendered":"https:\/\/www.radioamigavallenar.cl\/?p=37337"},"modified":"2021-03-22T21:00:03","modified_gmt":"2021-03-23T00:00:03","slug":"dos-detenidos-en-prision-preventiva-formalizados-por-trafico-de-droga-en-caldera","status":"publish","type":"post","link":"https:\/\/www.radioamigavallenar.cl\/?p=37337","title":{"rendered":"Dos detenidos en prisi\u00f3n preventiva formalizados por tr\u00e1fico de droga en Caldera"},"content":{"rendered":"<p><strong>Diligencia investigativa de personal de OS-7 de Carabineros permiti\u00f3 detectar un veh\u00edculo en que se transportaban alrededor de 40 kilos entre pasta base de coca\u00edna y marihuana. \u00a0<\/strong><strong>\u00a0 \u00a0<\/strong><strong>\u00a0<\/strong><\/p>\n<p><strong><em>\u00a0<\/em><\/strong><span id=\"more-243816\"><\/span><\/p>\n<p>A partir de un procedimiento desarrollado por personal del OS-7 de Carabineros en la ruta 5 Norte cercano a Caldera, la Fiscal\u00eda de Atacama formaliz\u00f3 a dos personas que fueron detenidas por su participaci\u00f3n en el delito de tr\u00e1fico de droga.<\/p>\n<p>De acuerdo a lo argumentado en la audiencia de formalizaci\u00f3n de los imputados, personal del OS-7 realiz\u00f3 una fiscalizaci\u00f3n a un Station Wagon que viajaba en direcci\u00f3n al sur a la altura del kil\u00f3metro 906, lugar en que se realiz\u00f3 la revisi\u00f3n del veh\u00edculo, pudiendo determinar con el apoyo de un perro detector de droga que en el sector del piso del asiento del copiloto hab\u00eda 33 paquetes acondicionados para el traslado de la droga.<\/p>\n<p>\u201cSe trata de un trabajo en conjunto de Carabineros con la Fiscal\u00eda Local de Caldera y otras fiscal\u00edas de la regi\u00f3n, que tiene como objetivo de controlar, fiscalizar e investigar grupos criminales o personas dedicadas al tr\u00e1fico de drogas, procediendo esta vez a la detenci\u00f3n de dos personas de nacionalidad chilena, quienes quedaron a disposici\u00f3n de la Fiscal\u00eda para la respectiva formalizaci\u00f3n\u201d, indic\u00f3 el jefe de la Tercera Zona de Carabineros, general Luis Aguilera Mendoza.<\/p>\n<p>Por su parte, el intendente de Atacama, Patricio Urquieta, destac\u00f3 el trabajo desarrollado en este procedimiento, adem\u00e1s de los esfuerzos permanentes de la Fiscal\u00eda de Atacama y Carabineros para combatir el tr\u00e1fico de droga. \u201cEl procedimiento permiti\u00f3 sacar de circulaci\u00f3n pasta base y marihuana que ten\u00eda como destino el consumo nacional, lo que permite llevar tranquilidad a la poblaci\u00f3n\u201d, indic\u00f3.<\/p>\n<p style=\"text-align: center;\"><strong>AUDIENCIA<\/strong><\/p>\n<p>De acuerdo a lo informado por la vocera de la Fiscal\u00eda Regional de Atacama, Rebeca Varas Guevara, una vez que el fiscal de turno tom\u00f3 conocimiento de los hechos, orden\u00f3 las diligencias investigativas respectivas con la finalidad de reunir antecedentes para proceder con la formalizaci\u00f3n ambos detenidos de 26 y 37 a\u00f1os.<\/p>\n<p>\u201cEn la audiencia ambos imputados fueron comunicados que est\u00e1n siendo investigados por su participaci\u00f3n consumada en el delito de tr\u00e1fico de drogas, motivo por el cual la Fiscal\u00eda solicit\u00f3 la medida cautelar de prisi\u00f3n preventiva por el peligro que involucran para la seguridad de la sociedad y la gravedad del delito. Solicit\u00f3 que fue acogida\u201d, indic\u00f3 Varas.<\/p>\n<p>En la audiencia se conoci\u00f3 que los detenidos transportaban un total de 4 kilos 166 gramos de pasta base de coca\u00edna y 36 kilos 716 gramos de marihuana, droga que de acuerdo a Carabineros tiene un aval\u00fao de 245 millones de pesos.<\/p>\n","protected":false},"excerpt":{"rendered":"<p>Diligencia investigativa de personal de OS-7 de Carabineros permiti\u00f3 detectar un veh\u00edculo en que se transportaban alrededor de 40 kilos entre pasta base de coca\u00edna&hellip; <\/p>\n","protected":false},"author":2,"featured_media":37338,"comment_status":"open","ping_status":"closed","sticky":false,"template":"","format":"standard","meta":{"footnotes":""},"categories":[7],"tags":[],"class_list":["post-37337","post","type-post","status-publish","format-standard","has-post-thumbnail","hentry","category-atacama"],"_links":{"self":[{"href":"https:\/\/www.radioamigavallenar.cl\/index.php?rest_route=\/wp\/v2\/posts\/37337","targetHints":{"allow":["GET"]}}],"collection":[{"href":"https:\/\/www.radioamigavallenar.cl\/index.php?rest_route=\/wp\/v2\/posts"}],"about":[{"href":"https:\/\/www.radioamigavallenar.cl\/index.php?rest_route=\/wp\/v2\/types\/post"}],"author":[{"embeddable":true,"href":"https:\/\/www.radioamigavallenar.cl\/index.php?rest_route=\/wp\/v2\/users\/2"}],"replies":[{"embeddable":true,"href":"https:\/\/www.radioamigavallenar.cl\/index.php?rest_route=%2Fwp%2Fv2%2Fcomments&post=37337"}],"version-history":[{"count":1,"href":"https:\/\/www.radioamigavallenar.cl\/index.php?rest_route=\/wp\/v2\/posts\/37337\/revisions"}],"predecessor-version":[{"id":37339,"href":"https:\/\/www.radioamigavallenar.cl\/index.php?rest_route=\/wp\/v2\/posts\/37337\/revisions\/37339"}],"wp:featuredmedia":[{"embeddable":true,"href":"https:\/\/www.radioamigavallenar.cl\/index.php?rest_route=\/wp\/v2\/media\/37338"}],"wp:attachment":[{"href":"https:\/\/www.radioamigavallenar.cl\/index.php?rest_route=%2Fwp%2Fv2%2Fmedia&parent=37337"}],"wp:term":[{"taxonomy":"category","embeddable":true,"href":"https:\/\/www.radioamigavallenar.cl\/index.php?rest_route=%2Fwp%2Fv2%2Fcategories&post=37337"},{"taxonomy":"post_tag","embeddable":true,"href":"https:\/\/www.radioamigavallenar.cl\/index.php?rest_route=%2Fwp%2Fv2%2Ftags&post=37337"}],"curies":[{"name":"wp","href":"https:\/\/api.w.org\/{rel}","templated":true}]}}