{"id":37331,"date":"2021-03-22T12:31:44","date_gmt":"2021-03-22T15:31:44","guid":{"rendered":"https:\/\/www.radioamigavallenar.cl\/?p=37331"},"modified":"2021-03-22T12:31:44","modified_gmt":"2021-03-22T15:31:44","slug":"autoridades-regionales-conmemoran-10-anos-de-historia-de-sistema-elige-vivir-sano","status":"publish","type":"post","link":"https:\/\/www.radioamigavallenar.cl\/?p=37331","title":{"rendered":"Autoridades Regionales conmemoran 10 a\u00f1os de historia de Sistema Elige Vivir Sano"},"content":{"rendered":"<p>Una pol\u00edtica p\u00fablica enfocada en la alimentaci\u00f3n, la actividad f\u00edsica y el bienestar de las familias.<\/p>\n<p>Alimentaci\u00f3n saludable, actividad f\u00edsica y bienestar, son algunos de los conceptos que pueden sintetizar los diez a\u00f1os que lleva operando el Sistema Elige Vivir Sano a lo largo de todo el pa\u00eds.<\/p>\n<p>Este 17 de marzo, se cumpli\u00f3 una d\u00e9cada desde que en la primera administraci\u00f3n del Presidente Sebasti\u00e1n Pi\u00f1era, naciera este sistema promovido por la Primera Dama, Cecilia Morel, con el objetivo de prevenir la obesidad especialmente en los ni\u00f1os y ni\u00f1as del pa\u00eds.<\/p>\n<p>Desde aquel entonces, se ha potenciado la vida al aire libre y la cercan\u00eda de la familia; pilares fundamentales de esta pol\u00edtica p\u00fablica.<\/p>\n<p>En este contexto, el Intendente de la Regi\u00f3n de Atacama, Patricio Urquieta, junto al seremi de Desarrollo Social y Familia, Luis Morales Vergara, el seremi del Deporte, Guillermo Prokuriza, y el boxeador copiapino, Eduardo \u201cNazareno\u201d Zuleta, realizaron una ma\u00f1ana deportiva para incentivar a los vecinos a mantener una vida activa y, durante los estados de cuarentena, aprovechar la franja horaria \u201cElige Vivir Sano\u201d entre las 7:00 y 8:30 de la ma\u00f1ana.<\/p>\n<p>\u201cHoy estamos viviendo cuarentenas durante los fines de semana y en algunas comunas se vive la cuarentena durante toda la semana, pero existe la posibilidad de practicar deporte entre las 7:00 y 8:30 de la ma\u00f1ana, sin la necesidad de contar con alg\u00fan permiso. Hoy queremos seguir trabajando en alimentaci\u00f3n saludable, en deporte y sobre todo al aire libre, y ojala compartiendo con la familia. Esta es una oportunidad para poder aprovechar los valores de todas las actividades f\u00edsicas, y ojal\u00e1 destacarlo siempre con referentes regionales como es el caso de Eduardo Zuleta\u201d, comunic\u00f3 la m\u00e1xima autoridad regional.<\/p>\n<p>En tanto, Eduardo Zuleta, realiz\u00f3 una invitaci\u00f3n a los copiapinos a que prefieran una vida sana y en movimiento. \u201cQuiero dejar invitadas a todas las personas de Atacama a hacer deporte, tal como lo realizamos hoy con el intendente y los seremis, practicando una clase de boxeo. Quiero darles a conocer que es un deporte s\u00faper bonito, s\u00faper exigente, y les dejo las puertas abiertas para el boxeo y para cualquier deporte o actividad f\u00edsica que puedan realizar en este tiempo de pandemia\u201d.<\/p>\n<p>Durante la presente emergencia sanitaria, el Sistema Elige Vivir Sano ha mantenido un estable posicionamiento en Atacama, otorgando la posibilidad de Implementar de Huertos Urbanos y C\u00e1psulas Educativas (Conversatorio sobre prevenci\u00f3n de enfermedades no transmisibles;<\/p>\n<p>conversatorio sobre alimentaci\u00f3n saludable entre el nutricionista y la social de junta de vecinos Sra. Ana Carrasco; clase de cocina saludable; postre saludable para ni\u00f1os y ni\u00f1as; clase educativa de ejercicios para adultos mayores; capsula educativa sobre cultivo sustentable; clase de men\u00fas saludables que dar\u00e1 a conocer la Chef Paulina Cabrera), trabajo con hijos de madre temporeras, entre otros.<\/p>\n<p>En este sentido, el seremi Morales resalt\u00f3 que \u201cen estos 10 a\u00f1os hemos avanzado en infraestructura deportiva, en leyes que protegen el deporte y tambi\u00e9n en asegurar que existan los espacios disponibles para que las personas puedan tener una vida saludable y una alimentaci\u00f3n acorde a ese desarrollo\u201d.<\/p>\n<p>Por otra parte, tambi\u00e9n cabe destacar que, Caldera es una de las seis comunas a nivel nacional que cuenta con un Centro Elige Vivir Sano, el cual fue inaugurado en 2019. Por ello, el seremi del Deporte se refiri\u00f3 al gran compromiso que ha mantenido el Gobierno con la actividad f\u00edsica. \u201cComo Ministerio del Deporte, estamos muy contentos con este aniversario del Elige Vivir Sano, que es una base fundamental para lograr un pa\u00eds con mejor calidad de vida. Y esto con un trabajo fuert\u00edsimo a nivel intersectorial, basado en el pilar fundamental de estas pol\u00edticas p\u00fablicas, como lo es la actividad f\u00edsica y al aire libre, y la vida saludable\u201d.<\/p>\n<p>Algunas de las pol\u00edticas p\u00fablicas que son parte del Sistema intersectorial Elige Vivir Sano y que se han implementado en esta d\u00e9cada a lo largo del territorio nacional son:<\/p>\n<p>\u00b7 Nuevo posnatal que aument\u00f3 la lactancia materna (Minsal).<\/p>\n<p>\u00b7 M\u00e1s frutas, verduras, legumbres y productos del mar e incorporaci\u00f3n de gastronom\u00eda en el Programa de Alimentaci\u00f3n Escolar (Junaeb\/Mineduc).<\/p>\n<p>\u00b7 Ley de Etiquetado de Alimentos con sellos \u201calto en\u201d, restricci\u00f3n a la oferta de alimentos ultraprocesados en escuelas y a la publicidad de estos dirigida a ni\u00f1os y ni\u00f1as (Minsal).<\/p>\n<p>\u00b7 Disminuci\u00f3n de compra de bebidas azucaradas luego del impuesto a estos productos.<\/p>\n<p>\u00b7 6 Centros Elige Vivir Sano construidos, llegando a 30 en 2022 (Mindep).<\/p>\n<p>\u00b7 162 plazas y 1.215 proyectos para espacios comunitarios para hacer deporte entre 2018 y 2021 (Subdere).<\/p>\n<p>\u00b7 73 parques urbanos en las 16 regiones del pa\u00eds (Minvu).<\/p>\n<p>\u00b7 M\u00e1s de 500 huertos escolares y urbanos. Secretar\u00eda Elige Vivir Sano, MDSF y Minagri.<\/p>\n<p>\u00b7 108 proyectos de ferias vespertinas, kioscos saludables, actividades de promoci\u00f3n del deporte y talleres de alimentaci\u00f3n saludable a trav\u00e9s del Fondo de Entornos Saludables (Secretar\u00eda Elige Vivir Sano-MDSF).<\/p>\n<p>\u00b7 M\u00e1s de mil kil\u00f3metros de ciclov\u00edas a lo largo del pa\u00eds (MTT).<\/p>\n<p>\u00b7 Apoyo a m\u00e1s de 800 ferias libres con m\u00e1s de 74 mil puestos (Sercotec\/Minecon).<\/p>\n<p>\u00b7 En 2020, con la llegada al pa\u00eds de la pandemia de COVID-19, Elige Vivir Sano implement\u00f3 distintas iniciativas para apoyar a las familias como el Plan de Seguridad Alimentaria que incluye medidas como la entrega de canastas individuales de Junaeb, el apoyo y fortalecimiento de ferias libres; adem\u00e1s de programaci\u00f3n para ni\u00f1os y ni\u00f1as para TV Educa Chile y la iniciativa Vida Saludable en Casa.<\/p>\n","protected":false},"excerpt":{"rendered":"<p>Una pol\u00edtica p\u00fablica enfocada en la alimentaci\u00f3n, la actividad f\u00edsica y el bienestar de las familias. Alimentaci\u00f3n saludable, actividad f\u00edsica y bienestar, son algunos de&hellip; <\/p>\n","protected":false},"author":2,"featured_media":37332,"comment_status":"open","ping_status":"closed","sticky":false,"template":"","format":"standard","meta":{"footnotes":""},"categories":[38],"tags":[],"class_list":["post-37331","post","type-post","status-publish","format-standard","has-post-thumbnail","hentry","category-portada-regional"],"_links":{"self":[{"href":"https:\/\/www.radioamigavallenar.cl\/index.php?rest_route=\/wp\/v2\/posts\/37331","targetHints":{"allow":["GET"]}}],"collection":[{"href":"https:\/\/www.radioamigavallenar.cl\/index.php?rest_route=\/wp\/v2\/posts"}],"about":[{"href":"https:\/\/www.radioamigavallenar.cl\/index.php?rest_route=\/wp\/v2\/types\/post"}],"author":[{"embeddable":true,"href":"https:\/\/www.radioamigavallenar.cl\/index.php?rest_route=\/wp\/v2\/users\/2"}],"replies":[{"embeddable":true,"href":"https:\/\/www.radioamigavallenar.cl\/index.php?rest_route=%2Fwp%2Fv2%2Fcomments&post=37331"}],"version-history":[{"count":1,"href":"https:\/\/www.radioamigavallenar.cl\/index.php?rest_route=\/wp\/v2\/posts\/37331\/revisions"}],"predecessor-version":[{"id":37333,"href":"https:\/\/www.radioamigavallenar.cl\/index.php?rest_route=\/wp\/v2\/posts\/37331\/revisions\/37333"}],"wp:featuredmedia":[{"embeddable":true,"href":"https:\/\/www.radioamigavallenar.cl\/index.php?rest_route=\/wp\/v2\/media\/37332"}],"wp:attachment":[{"href":"https:\/\/www.radioamigavallenar.cl\/index.php?rest_route=%2Fwp%2Fv2%2Fmedia&parent=37331"}],"wp:term":[{"taxonomy":"category","embeddable":true,"href":"https:\/\/www.radioamigavallenar.cl\/index.php?rest_route=%2Fwp%2Fv2%2Fcategories&post=37331"},{"taxonomy":"post_tag","embeddable":true,"href":"https:\/\/www.radioamigavallenar.cl\/index.php?rest_route=%2Fwp%2Fv2%2Ftags&post=37331"}],"curies":[{"name":"wp","href":"https:\/\/api.w.org\/{rel}","templated":true}]}}