{"id":37329,"date":"2021-03-22T12:23:10","date_gmt":"2021-03-22T15:23:10","guid":{"rendered":"https:\/\/www.radioamigavallenar.cl\/?p=37329"},"modified":"2021-03-22T12:23:10","modified_gmt":"2021-03-22T15:23:10","slug":"presidenta-del-senado-yasna-provoste-e-idea-de-postergar-elecciones-es-responsabilidad-de-la-autoridad-sanitaria","status":"publish","type":"post","link":"https:\/\/www.radioamigavallenar.cl\/?p=37329","title":{"rendered":"Presidenta del Senado Yasna Provoste e idea de postergar elecciones: \u00abEs responsabilidad de la autoridad sanitaria\u00bb"},"content":{"rendered":"<p>La presidenta del Senado,\u00a0<strong>Yasna Provoste,<\/strong>\u00a0coment\u00f3 este lunes que la decisi\u00f3n de suspender las elecciones del pr\u00f3ximo 10 y 11 de abril producto de la pandemia de covid-19, debe ser tomada por la autoridad sanitaria.<\/p>\n<p>En entrevista, Provoste indic\u00f3 que una determinaci\u00f3n de este tipo debe ser evaluada por la autoridad sanitaria del pa\u00eds y no por la pol\u00edtica.<\/p>\n<p>\u201cUna decisi\u00f3n como esta es responsabilidad de la autoridad sanitaria y no una responsabilidad pol\u00edtica.<strong>\u00a0Ac\u00e1 no cabe el c\u00e1lculo pol\u00edtico, aqu\u00ed lo que cabe es la opini\u00f3n de los expertos y esta es una decisi\u00f3n sanitaria\u201d<\/strong>, se\u00f1al\u00f3 la senadora DC.<\/p>\n<p>Respecto a su rol como presidenta del Senado, dijo que buscar\u00e1 que \u201csea un espacio institucional para la rendici\u00f3n de cuenta de las autoridades\u201d, por lo que convocar\u00e1 a una sesi\u00f3n especial sobre la gesti\u00f3n de la pandemia.<\/p>\n<p>\u201cEstamos m\u00e1s interesados en conocer la opini\u00f3n de los actores respecto la crisis sanitaria del covid, por lo que hemos invitado a una sesi\u00f3n especial y esperamos contra el mi\u00e9rcoles de esta semana al ministro Enrique Paris (\u2026) as\u00ed como tambi\u00e9n a la propia presidenta del Colegio M\u00e9dico\u201d, sostuvo.<\/p>\n<p>Tras el aumento sostenido de casos nuevos y casos activos de covid-19, en las \u00faltimas semanas se abri\u00f3 el debate sobre suspender las elecciones del 11 de abril, incluso expertos han recomendado endurecer las medidas de restricci\u00f3n, para no tener que postergar los comicios.<\/p>\n<p>La idea de la suspensi\u00f3n ha sido descartada de momento por el ministro Paris.<\/p>\n","protected":false},"excerpt":{"rendered":"<p>La presidenta del Senado,\u00a0Yasna Provoste,\u00a0coment\u00f3 este lunes que la decisi\u00f3n de suspender las elecciones del pr\u00f3ximo 10 y 11 de abril producto de la pandemia&hellip; <\/p>\n","protected":false},"author":2,"featured_media":37154,"comment_status":"open","ping_status":"closed","sticky":false,"template":"","format":"standard","meta":{"footnotes":""},"categories":[38],"tags":[],"class_list":["post-37329","post","type-post","status-publish","format-standard","has-post-thumbnail","hentry","category-portada-regional"],"_links":{"self":[{"href":"https:\/\/www.radioamigavallenar.cl\/index.php?rest_route=\/wp\/v2\/posts\/37329","targetHints":{"allow":["GET"]}}],"collection":[{"href":"https:\/\/www.radioamigavallenar.cl\/index.php?rest_route=\/wp\/v2\/posts"}],"about":[{"href":"https:\/\/www.radioamigavallenar.cl\/index.php?rest_route=\/wp\/v2\/types\/post"}],"author":[{"embeddable":true,"href":"https:\/\/www.radioamigavallenar.cl\/index.php?rest_route=\/wp\/v2\/users\/2"}],"replies":[{"embeddable":true,"href":"https:\/\/www.radioamigavallenar.cl\/index.php?rest_route=%2Fwp%2Fv2%2Fcomments&post=37329"}],"version-history":[{"count":1,"href":"https:\/\/www.radioamigavallenar.cl\/index.php?rest_route=\/wp\/v2\/posts\/37329\/revisions"}],"predecessor-version":[{"id":37330,"href":"https:\/\/www.radioamigavallenar.cl\/index.php?rest_route=\/wp\/v2\/posts\/37329\/revisions\/37330"}],"wp:featuredmedia":[{"embeddable":true,"href":"https:\/\/www.radioamigavallenar.cl\/index.php?rest_route=\/wp\/v2\/media\/37154"}],"wp:attachment":[{"href":"https:\/\/www.radioamigavallenar.cl\/index.php?rest_route=%2Fwp%2Fv2%2Fmedia&parent=37329"}],"wp:term":[{"taxonomy":"category","embeddable":true,"href":"https:\/\/www.radioamigavallenar.cl\/index.php?rest_route=%2Fwp%2Fv2%2Fcategories&post=37329"},{"taxonomy":"post_tag","embeddable":true,"href":"https:\/\/www.radioamigavallenar.cl\/index.php?rest_route=%2Fwp%2Fv2%2Ftags&post=37329"}],"curies":[{"name":"wp","href":"https:\/\/api.w.org\/{rel}","templated":true}]}}