{"id":37323,"date":"2021-03-22T11:29:54","date_gmt":"2021-03-22T14:29:54","guid":{"rendered":"https:\/\/www.radioamigavallenar.cl\/?p=37323"},"modified":"2021-03-22T11:29:54","modified_gmt":"2021-03-22T14:29:54","slug":"comienza-nueva-entrega-de-forraje-a-familias-de-crianceros-de-atacama","status":"publish","type":"post","link":"https:\/\/www.radioamigavallenar.cl\/?p=37323","title":{"rendered":"Comienza nueva entrega de forraje a familias de crianceros de Atacama"},"content":{"rendered":"<p><strong>En el marco del convenio entre el Gobierno Regional y la Subsecretaria de Agricultura,el jueves pasado comenz\u00f3 la nueva entrega de forraje a las familias de crianceros de Atacama, de forma de poder ayudar a sobrellevar la sequ\u00eda que afecta a la regi\u00f3n.<\/strong><span id=\"more-136026\"><\/span><\/p>\n<p>Los primeros criadores de ganado caprino que recibieron este beneficio fueron los habitantes de las majadas ubicadas en Vallenar, para seguir en estos d\u00edas con las de las comunas de Freirina, Huasco, Alto del Carmen y luego finalizar con Copiap\u00f3, Tierra Amarilla, Caldera y Diego de Almagro.<\/p>\n<p>Al respecto el Secretario Regional Ministerial de Agricultura, Patricio Araya Vargas, se\u00f1al\u00f3 que \u201cvivimos la peor sequ\u00eda de los \u00faltimos 10 a\u00f1os, y con este aporte esperamos apoyar a este sector productivo tan importante a sobrellevar la falta de forraje para su ganado, y seguiremos ejecutando este programa integral de apoyo a los crianceros. Ahora bien, esta es s\u00f3lo una parte del trabajo que como Ministerio estamos haciendo en pos de mejorar la calidad de vida de estas familias, puesto que, seguimos trabajando en la entrega de estanques para el abastecimiento de agua para el consumo humano y animal, entre otras iniciativas\u201d.<\/p>\n<p>Bridolfo Le\u00f3n, fue uno de los beneficiarios y tras recibir el forraje, se\u00f1al\u00f3 que \u201ctengo 160 cabras, y quiero comprar m\u00e1s, porque yo vivo del ganado en este momento estoy arrendando talaje para mis cabras y sino, tenemos que salir al cerro, y tengo que llevarle algo a mis animales donde est\u00e9n, ahora tengo pasto para darles de a poco y a mis caballos tambi\u00e9n, porque es la m\u00e1quina de transporte que tengo. Estoy agradecido de recibir esto, pero falta m\u00e1s ayuda, porque estoy pasando por una crisis de agua muy grande\u201d.<\/p>\n<p>Otra de las crianceras que recibi\u00f3 este aporte fue Sof\u00eda Mar\u00edn quien manifest\u00f3 que \u201cesto est\u00e1 muy bien, me alegro de recibir esta ayuda, me ha afectado mucho la sequ\u00eda, no hay nada para que coman los animales, estoy agradecida\u201d.<\/p>\n<p>Por su parte, la presidenta de la Comisi\u00f3n Provincial de Huasco, del Consejo Regional de Atacama, consejera Fabiola P\u00e9rez, se\u00f1al\u00f3 que \u201cel programa de transferencia y fortalecimiento a crianceros de Atacama ha significado un real aporte a nuestra regi\u00f3n y, fundamentalmente, a la valorizaci\u00f3n de los crianceros como una actividad productiva que debemos fortalecer y as\u00ed desde el Consejo Regional lo hemos impulsado. Hoy en Vallenar se inicia la primera entrega de fardos de pasto de 2021, la que deber\u00e1 ser peri\u00f3dica. En los pr\u00f3ximos d\u00edas se concretar\u00e1 el proceso orientado a mejorar pozos y lo relativo al almacenamiento de agua para los crianceros; como Consejo Regional estaremos atentos al desarrollo de este programa, el cual creemos que es necesario reforzar\u201d.<\/p>\n<p>Destacar que esta entrega se suma a la realizada en los \u00faltimos meses del 2020, en que se entregaron 14 mil 400 fardos a todos las familias de crianceros de Atacama.<\/p>\n","protected":false},"excerpt":{"rendered":"<p>En el marco del convenio entre el Gobierno Regional y la Subsecretaria de Agricultura,el jueves pasado comenz\u00f3 la nueva entrega de forraje a las familias&hellip; <\/p>\n","protected":false},"author":2,"featured_media":37324,"comment_status":"open","ping_status":"closed","sticky":false,"template":"","format":"standard","meta":{"footnotes":""},"categories":[38],"tags":[],"class_list":["post-37323","post","type-post","status-publish","format-standard","has-post-thumbnail","hentry","category-portada-regional"],"_links":{"self":[{"href":"https:\/\/www.radioamigavallenar.cl\/index.php?rest_route=\/wp\/v2\/posts\/37323","targetHints":{"allow":["GET"]}}],"collection":[{"href":"https:\/\/www.radioamigavallenar.cl\/index.php?rest_route=\/wp\/v2\/posts"}],"about":[{"href":"https:\/\/www.radioamigavallenar.cl\/index.php?rest_route=\/wp\/v2\/types\/post"}],"author":[{"embeddable":true,"href":"https:\/\/www.radioamigavallenar.cl\/index.php?rest_route=\/wp\/v2\/users\/2"}],"replies":[{"embeddable":true,"href":"https:\/\/www.radioamigavallenar.cl\/index.php?rest_route=%2Fwp%2Fv2%2Fcomments&post=37323"}],"version-history":[{"count":1,"href":"https:\/\/www.radioamigavallenar.cl\/index.php?rest_route=\/wp\/v2\/posts\/37323\/revisions"}],"predecessor-version":[{"id":37325,"href":"https:\/\/www.radioamigavallenar.cl\/index.php?rest_route=\/wp\/v2\/posts\/37323\/revisions\/37325"}],"wp:featuredmedia":[{"embeddable":true,"href":"https:\/\/www.radioamigavallenar.cl\/index.php?rest_route=\/wp\/v2\/media\/37324"}],"wp:attachment":[{"href":"https:\/\/www.radioamigavallenar.cl\/index.php?rest_route=%2Fwp%2Fv2%2Fmedia&parent=37323"}],"wp:term":[{"taxonomy":"category","embeddable":true,"href":"https:\/\/www.radioamigavallenar.cl\/index.php?rest_route=%2Fwp%2Fv2%2Fcategories&post=37323"},{"taxonomy":"post_tag","embeddable":true,"href":"https:\/\/www.radioamigavallenar.cl\/index.php?rest_route=%2Fwp%2Fv2%2Ftags&post=37323"}],"curies":[{"name":"wp","href":"https:\/\/api.w.org\/{rel}","templated":true}]}}