{"id":37321,"date":"2021-03-22T11:28:11","date_gmt":"2021-03-22T14:28:11","guid":{"rendered":"https:\/\/www.radioamigavallenar.cl\/?p=37321"},"modified":"2021-03-22T11:28:11","modified_gmt":"2021-03-22T14:28:11","slug":"cnr-identifica-zonas-mas-vulnerables-de-atacama-y-coquimbo-para-aumentar-competencias-de-agricultores","status":"publish","type":"post","link":"https:\/\/www.radioamigavallenar.cl\/?p=37321","title":{"rendered":"CNR identifica zonas m\u00e1s vulnerables de Atacama y Coquimbo para aumentar competencias de agricultores"},"content":{"rendered":"<p>El programa de transferencia tecnol\u00f3gica para mejorar la eficiencia h\u00eddrica frente al cambio clim\u00e1tico benefici\u00f3 a regantes y agricultores de las comunas de Vallenar, Freirina, Huasco, La Serena, Coquimbo, Paihuano, Vicu\u00f1a, Illapel y Los Vilos.<span id=\"more-243775\"><\/span><\/p>\n<p>Pese a las dificultades asociadas a la pandemia por COVID-19, la Comisi\u00f3n Nacional de Riego (CNR) destac\u00f3 el trabajo territorial y a distancia desarrollado en el marco del programa de \u201cTransferencia tecnol\u00f3gica para la adaptaci\u00f3n al cambio clim\u00e1tico en \u00e1reas agr\u00edcolas vulnerables de las regiones de Atacama y Coquimbo\u201d.<\/p>\n<p>Tras concluir esta iniciativa, cuyo principal objetivo fue formar capacidades y conocimientos en tecnolog\u00edas de riego eficientes para enfrentar periodos de sequ\u00eda frente al cambio clim\u00e1tico en el Norte Chico, comenz\u00f3 a desarrollarse a fines de 2019 en las comunas de Vallenar, Freirina, Huasco, La Serena, Coquimbo, Paihuano, Vicu\u00f1a, Illapel y Los Vilos. La inversi\u00f3n del programa, ejecutado a trav\u00e9s de la consultora Aquasys super\u00f3 los $170 millones.<\/p>\n<p>Al respecto, el Coordinador Zonal Norte Chico de la CNR,\u00a0Felipe Ventura, se\u00f1al\u00f3 que\u00a0\u201ccomo Comisi\u00f3n Nacional de Riego estamos muy contentos por el trabajo realizado por la consultora Aquasys, que, en una primera etapa, nos permiti\u00f3 identificar las zonas m\u00e1s vulnerables del Norte Chico. Se trabaj\u00f3 con 232 regantes que fueron capacitados y tuvieron un fortalecimiento en tecnolog\u00edas de adaptaci\u00f3n al riego\u201d.<\/p>\n<p>\u201cSe realizaron d\u00edas de campo y una serie de procesos que esperamos que los agricultores puedan poner en pr\u00e1ctica en sus campos. En ese sentido, creemos que el fortalecimiento y la transferencia de tecnolog\u00edas es importante para hacer una mejorar eficiencia h\u00eddrica, ya que como CNR creemos que no solamente con obras de riego vamos a lograr una mayor eficiencia en el uso del agua, sino que tambi\u00e9n con una mejor gesti\u00f3n. Pudimos corroborar que los participantes pudieron aumentar sus conocimientos en sus t\u00e9cnicas de riego en un 64%\u201d, puntualiz\u00f3 Ventura.<\/p>\n<p>De igual manera, a\u00f1adi\u00f3 Ventura que \u201cen el transcurso de este programa tambi\u00e9n se capacit\u00f3 a los extensionistas de los diversos servicios del agro, especialmente de INDAP, ya que ellos son quienes ense\u00f1an a los regantes. En ambas regiones se implementaron dos estaciones experimentales que, en el caso de Vallenar, qued\u00f3 a cargo del INIA, y en Coquimbo, en manos del CEZA de la Universidad de Chile. Lo relevante tambi\u00e9n es que nos quedamos con estos insumos para continuar trabajando y fortaleciendo las competencias de nuestros usuarios, especialmente frente a esta condici\u00f3n de sequ\u00eda\u201d.<\/p>\n<p>En tanto, el Seremi de Agricultura de la Regi\u00f3n de Atacama, Patricio Araya, indic\u00f3 que \u201ces de gran importancia este programa, especialmente porque estamos viviendo el cambio clim\u00e1tico y la disponibilidad de agua se hace cada vez m\u00e1s escasa en nuestra regi\u00f3n, fen\u00f3meno que enfrentamos hace varios a\u00f1os. Hemos visto c\u00f3mo sistem\u00e1ticamente se han ido secando los r\u00edos, disminuyendo los acu\u00edferos y la disponibilidad del recurso h\u00eddrico es cada vez menor. Por ello, es muy relevante el trabajo desarrollado particularmente con las comunidades de aguas m\u00e1s apartadas de la regi\u00f3n, de modo que tengan claridad de cu\u00e1les son los mecanismos y posibilidades que tienen para poder postular sus proyectos de riego. Para ello, se realizaron parcelas demostrativas, se capacit\u00f3 a los operadores y consultores de los sistemas de riego, que son fundamentales en esta tarea\u201d.<\/p>\n<p>Entre los resultados de este programa se encuentran el diagn\u00f3stico y definici\u00f3n de \u00e1reas vulnerables con escasez h\u00eddrica y agricultores prioritarios, visitas individuales, unidades demostrativas, curso de riego para agricultores, d\u00edas de campo, talleres t\u00e9cnicos, curso de riego para agentes de extensi\u00f3n INDAP, y talleres para dirigentes, entre otros<\/p>\n","protected":false},"excerpt":{"rendered":"<p>El programa de transferencia tecnol\u00f3gica para mejorar la eficiencia h\u00eddrica frente al cambio clim\u00e1tico benefici\u00f3 a regantes y agricultores de las comunas de Vallenar, Freirina,&hellip; <\/p>\n","protected":false},"author":2,"featured_media":36751,"comment_status":"open","ping_status":"closed","sticky":false,"template":"","format":"standard","meta":{"footnotes":""},"categories":[38],"tags":[],"class_list":["post-37321","post","type-post","status-publish","format-standard","has-post-thumbnail","hentry","category-portada-regional"],"_links":{"self":[{"href":"https:\/\/www.radioamigavallenar.cl\/index.php?rest_route=\/wp\/v2\/posts\/37321","targetHints":{"allow":["GET"]}}],"collection":[{"href":"https:\/\/www.radioamigavallenar.cl\/index.php?rest_route=\/wp\/v2\/posts"}],"about":[{"href":"https:\/\/www.radioamigavallenar.cl\/index.php?rest_route=\/wp\/v2\/types\/post"}],"author":[{"embeddable":true,"href":"https:\/\/www.radioamigavallenar.cl\/index.php?rest_route=\/wp\/v2\/users\/2"}],"replies":[{"embeddable":true,"href":"https:\/\/www.radioamigavallenar.cl\/index.php?rest_route=%2Fwp%2Fv2%2Fcomments&post=37321"}],"version-history":[{"count":1,"href":"https:\/\/www.radioamigavallenar.cl\/index.php?rest_route=\/wp\/v2\/posts\/37321\/revisions"}],"predecessor-version":[{"id":37322,"href":"https:\/\/www.radioamigavallenar.cl\/index.php?rest_route=\/wp\/v2\/posts\/37321\/revisions\/37322"}],"wp:featuredmedia":[{"embeddable":true,"href":"https:\/\/www.radioamigavallenar.cl\/index.php?rest_route=\/wp\/v2\/media\/36751"}],"wp:attachment":[{"href":"https:\/\/www.radioamigavallenar.cl\/index.php?rest_route=%2Fwp%2Fv2%2Fmedia&parent=37321"}],"wp:term":[{"taxonomy":"category","embeddable":true,"href":"https:\/\/www.radioamigavallenar.cl\/index.php?rest_route=%2Fwp%2Fv2%2Fcategories&post=37321"},{"taxonomy":"post_tag","embeddable":true,"href":"https:\/\/www.radioamigavallenar.cl\/index.php?rest_route=%2Fwp%2Fv2%2Ftags&post=37321"}],"curies":[{"name":"wp","href":"https:\/\/api.w.org\/{rel}","templated":true}]}}