{"id":37318,"date":"2021-03-22T11:26:39","date_gmt":"2021-03-22T14:26:39","guid":{"rendered":"https:\/\/www.radioamigavallenar.cl\/?p=37318"},"modified":"2021-03-22T11:26:39","modified_gmt":"2021-03-22T14:26:39","slug":"mesa-de-dialogo-para-hacer-frente-a-principales-demandas-de-la-poblacion-en-freirina","status":"publish","type":"post","link":"https:\/\/www.radioamigavallenar.cl\/?p=37318","title":{"rendered":"Mesa de di\u00e1logo para hacer frente a principales demandas de la poblaci\u00f3n en Freirina"},"content":{"rendered":"<p>\u201cLas demandas que plantea la comunidad merecen ser escuchadas y para ello requerimos de la coordinaci\u00f3n tanto de las autoridades, del Gobierno y fundamentalmente de la comunidad\u201d, destac\u00f3 el Concejal Nicol\u00e1s Gallardo al referirse a esta iniciativa impulsada desde el seno del Concejo Municipal de Freirina.<\/p>\n<p>En la oportunidad el Concejal Gallardo reiter\u00f3 en la necesidad de avanzar en la soluci\u00f3n a los actuales problemas que est\u00e1n generando las obras que se est\u00e1n ejecutando en la ruta C-46 entre el by pass de Freirina y Huasco.<\/p>\n<p>Una instancia en la cual convergen las comisiones de Agua, de Transportes y la Comisi\u00f3n Social del Concejo Municipal de Freirina, y quienes acogen una serie de inquietudes que nacen desde la misma comunidad.<\/p>\n<p>En la ocasi\u00f3n convocando el trabajo adem\u00e1s de la Serem\u00eda de Transportes, representantes de la Locomoci\u00f3n Colectiva, Inspecci\u00f3n Fiscal de las obras, la Direcci\u00f3n Regional de Vialidad, la empresa ejecutora de la obra, la empresa sanitaria, en este caso \u201cAguas Nuevas\u201d, y la empresa CGE y del propio Concejo Municipal.<\/p>\n<p>En la oportunidad se establecieron algunos compromiso importantes como el levantamiento de\u00a0 la mayor cantidad de informaci\u00f3n referida a los trabajos que se est\u00e1n realizando en la actualidad y cu\u00e1les son los principales obst\u00e1culos que generan esta inquietud\u00a0 en la poblaci\u00f3n, la que se ha hecho sentir con fuerza en esto \u00faltimos d\u00edas,\u00a0 en temas como; la iluminaci\u00f3n del sector, la humectaci\u00f3n del camino, mejorar los accesos paralelos al camino, en la medida que avanzan las obras, establecer por parte de la empresa el v\u00ednculo social con las comunidades, con las organizaciones del sector, y as\u00ed una serie de otros temas que dicen relaci\u00f3n con el buen desarrollo de las obras y que estas causen el menor impacto en la convivencia diaria con los residentes en los sectores involucrados y con quienes se trasladan diariamente por esta zona.<\/p>\n<p>Para el Concejal Nicol\u00e1s Gallardo la instancia reviste importancia fundamental, pues evidencia la disposici\u00f3n y la voluntad de todas las partes y sin duda un fortalecimiento en el trabajo que el Concejo Municipal viene desarrollando con la integraci\u00f3n y participaci\u00f3n de todos\u00a0 los concejales, \u201cEsta es una mesa de di\u00e1logo, una mesa de trabajo que ha de tener continuidad en el tiempo, para abordar estos y otros temas que merecen ser escuchados, analizados y solucionados en el menor tiempo que se requiera, ese es el trabajo que pretendemos impulsar, de di\u00e1logo, participaci\u00f3n y colaboraci\u00f3n de todos\u201d.<\/p>\n","protected":false},"excerpt":{"rendered":"<p>\u201cLas demandas que plantea la comunidad merecen ser escuchadas y para ello requerimos de la coordinaci\u00f3n tanto de las autoridades, del Gobierno y fundamentalmente de&hellip; <\/p>\n","protected":false},"author":2,"featured_media":37319,"comment_status":"open","ping_status":"closed","sticky":false,"template":"","format":"standard","meta":{"footnotes":""},"categories":[7],"tags":[],"class_list":["post-37318","post","type-post","status-publish","format-standard","has-post-thumbnail","hentry","category-atacama"],"_links":{"self":[{"href":"https:\/\/www.radioamigavallenar.cl\/index.php?rest_route=\/wp\/v2\/posts\/37318","targetHints":{"allow":["GET"]}}],"collection":[{"href":"https:\/\/www.radioamigavallenar.cl\/index.php?rest_route=\/wp\/v2\/posts"}],"about":[{"href":"https:\/\/www.radioamigavallenar.cl\/index.php?rest_route=\/wp\/v2\/types\/post"}],"author":[{"embeddable":true,"href":"https:\/\/www.radioamigavallenar.cl\/index.php?rest_route=\/wp\/v2\/users\/2"}],"replies":[{"embeddable":true,"href":"https:\/\/www.radioamigavallenar.cl\/index.php?rest_route=%2Fwp%2Fv2%2Fcomments&post=37318"}],"version-history":[{"count":1,"href":"https:\/\/www.radioamigavallenar.cl\/index.php?rest_route=\/wp\/v2\/posts\/37318\/revisions"}],"predecessor-version":[{"id":37320,"href":"https:\/\/www.radioamigavallenar.cl\/index.php?rest_route=\/wp\/v2\/posts\/37318\/revisions\/37320"}],"wp:featuredmedia":[{"embeddable":true,"href":"https:\/\/www.radioamigavallenar.cl\/index.php?rest_route=\/wp\/v2\/media\/37319"}],"wp:attachment":[{"href":"https:\/\/www.radioamigavallenar.cl\/index.php?rest_route=%2Fwp%2Fv2%2Fmedia&parent=37318"}],"wp:term":[{"taxonomy":"category","embeddable":true,"href":"https:\/\/www.radioamigavallenar.cl\/index.php?rest_route=%2Fwp%2Fv2%2Fcategories&post=37318"},{"taxonomy":"post_tag","embeddable":true,"href":"https:\/\/www.radioamigavallenar.cl\/index.php?rest_route=%2Fwp%2Fv2%2Ftags&post=37318"}],"curies":[{"name":"wp","href":"https:\/\/api.w.org\/{rel}","templated":true}]}}