{"id":37316,"date":"2021-03-22T09:58:52","date_gmt":"2021-03-22T12:58:52","guid":{"rendered":"https:\/\/www.radioamigavallenar.cl\/?p=37316"},"modified":"2021-03-22T09:58:52","modified_gmt":"2021-03-22T12:58:52","slug":"dolar-cotiza-estable-en-715-en-jornada-en-que-se-podrian-anunciar-nuevas-medidas-restrictivas-por-pandemia","status":"publish","type":"post","link":"https:\/\/www.radioamigavallenar.cl\/?p=37316","title":{"rendered":"D\u00f3lar cotiza estable en $715 en jornada en que se podr\u00edan anunciar nuevas medidas restrictivas por pandemia"},"content":{"rendered":"<p>Seg\u00fan analistas, de ver nuevas comunas retrocediendo a cuarentenas, se \u00abpodr\u00eda generar debilidad en el peso chileno\u00bb<\/p>\n<p>Estable abri\u00f3 la semana el d\u00f3lar en el mercado cambiario local, y se mantiene cotizando en el nivel de los $715, en una jornada en la que el Ministerio de Salud podr\u00eda anunciar nuevas medidas restrictivas ante la fuerte escalada de contagios de covid-19 en el pa\u00eds.<\/p>\n<p>A las 08.48 horas, el billete verde sub\u00eda un m\u00ednimo de $0,24 en puntas de $715,76 vendedor y $715,37 comprador. Seg\u00fan Jos\u00e9 Ra\u00fal Godoy, jefe de an\u00e1lisis de XTB Latam, a nivel local \u00abdebemos estar atentos a los anuncios del plan Paso a Paso del Gobierno, ya que si vemos que hay m\u00e1s comunas que van a cuarentena podr\u00edamos seguir viendo efectos adversos en la recuperaci\u00f3n econ\u00f3mica y eso podr\u00eda generar debilidad en el peso chileno\u00bb. \u00abT\u00e9cnicamente consideramos los $720 como nivel clave que nos indicar\u00e1 la tendencia del d\u00f3lar. Si el precio llega a superar esa barrera, probablemente veamos ataques nuevamente a los $730\u00bb, dijo.<\/p>\n<p>Ricardo Bustamante, Jefe de Estudios Trading de Capitaria, coment\u00f3 que \u00abhoy, ma\u00f1ana y el mi\u00e9rcoles se conocer\u00e1n comentarios de Jerome Powell, presidente de la Reserva Federal de Estados Unidos, donde podr\u00eda nuevamente mover a los mercados, especialmente si trata de generar tranquilidad en los inversionistas despu\u00e9s del mayor impulso en el rendimiento de los bonos del tesoro\u00bb. \u00abLos fundamentos contin\u00faan siendo bajistas para el billete verde frente al peso, pero lo que suceda con la renta fija estadounidense podr\u00eda volver a generar volatilidad en el tipo de cambio\u00bb, a\u00f1adi\u00f3.<\/p>\n","protected":false},"excerpt":{"rendered":"<p>Seg\u00fan analistas, de ver nuevas comunas retrocediendo a cuarentenas, se \u00abpodr\u00eda generar debilidad en el peso chileno\u00bb Estable abri\u00f3 la semana el d\u00f3lar en el&hellip; <\/p>\n","protected":false},"author":2,"featured_media":33029,"comment_status":"open","ping_status":"closed","sticky":false,"template":"","format":"standard","meta":{"footnotes":""},"categories":[37],"tags":[],"class_list":["post-37316","post","type-post","status-publish","format-standard","has-post-thumbnail","hentry","category-nacional"],"_links":{"self":[{"href":"https:\/\/www.radioamigavallenar.cl\/index.php?rest_route=\/wp\/v2\/posts\/37316","targetHints":{"allow":["GET"]}}],"collection":[{"href":"https:\/\/www.radioamigavallenar.cl\/index.php?rest_route=\/wp\/v2\/posts"}],"about":[{"href":"https:\/\/www.radioamigavallenar.cl\/index.php?rest_route=\/wp\/v2\/types\/post"}],"author":[{"embeddable":true,"href":"https:\/\/www.radioamigavallenar.cl\/index.php?rest_route=\/wp\/v2\/users\/2"}],"replies":[{"embeddable":true,"href":"https:\/\/www.radioamigavallenar.cl\/index.php?rest_route=%2Fwp%2Fv2%2Fcomments&post=37316"}],"version-history":[{"count":1,"href":"https:\/\/www.radioamigavallenar.cl\/index.php?rest_route=\/wp\/v2\/posts\/37316\/revisions"}],"predecessor-version":[{"id":37317,"href":"https:\/\/www.radioamigavallenar.cl\/index.php?rest_route=\/wp\/v2\/posts\/37316\/revisions\/37317"}],"wp:featuredmedia":[{"embeddable":true,"href":"https:\/\/www.radioamigavallenar.cl\/index.php?rest_route=\/wp\/v2\/media\/33029"}],"wp:attachment":[{"href":"https:\/\/www.radioamigavallenar.cl\/index.php?rest_route=%2Fwp%2Fv2%2Fmedia&parent=37316"}],"wp:term":[{"taxonomy":"category","embeddable":true,"href":"https:\/\/www.radioamigavallenar.cl\/index.php?rest_route=%2Fwp%2Fv2%2Fcategories&post=37316"},{"taxonomy":"post_tag","embeddable":true,"href":"https:\/\/www.radioamigavallenar.cl\/index.php?rest_route=%2Fwp%2Fv2%2Ftags&post=37316"}],"curies":[{"name":"wp","href":"https:\/\/api.w.org\/{rel}","templated":true}]}}