{"id":37314,"date":"2021-03-22T09:55:38","date_gmt":"2021-03-22T12:55:38","guid":{"rendered":"https:\/\/www.radioamigavallenar.cl\/?p=37314"},"modified":"2021-03-22T09:55:38","modified_gmt":"2021-03-22T12:55:38","slug":"un-62-esta-de-acuerdo-con-postergar-las-elecciones-por-la-pandemia-segun-cadem","status":"publish","type":"post","link":"https:\/\/www.radioamigavallenar.cl\/?p=37314","title":{"rendered":"Un 62% est\u00e1 de acuerdo con postergar las elecciones por la pandemia, seg\u00fan Cadem"},"content":{"rendered":"<p>M\u00e1s de un 50 por ciento de los encuestados considera adecuado el toque de queda a las 22:00 horas y las cuarentenas en sus comunas.<\/p>\n<p>Respecto al Gobierno, baj\u00f3 la aprobaci\u00f3n de su gesti\u00f3n en siete puntos.<\/p>\n<p>El sondeo\u00a0<strong>Plaza P\u00fablica de Cadem<\/strong>\u00a0dio a conocer que\u00a0<strong>m\u00e1s de un 60% de los encuestados est\u00e1 de acuerdo en que se posterguen las elecciones<\/strong>\u00a0del pr\u00f3ximo s\u00e1bado 10 y domingo 11 de abril, debido al aumento de contagios por Covid-19 registrado en el pa\u00eds.<\/p>\n<p>Los resultados de la \u00faltima encuesta, correspondiente a la tercera semana de marzo, revelaron que un\u00a0<strong>62% de los consultados est\u00e1 de acuerdo con la postergaci\u00f3n de las elecciones<\/strong> de alcaldes, concejales, gobernadores regionales y convencionales constituyentes, de abril pr\u00f3ximo.<\/p>\n<p>Esto debido al preocupante aumento de casos de coronavirus en el pa\u00eds, que este fin de semana\u00a0logr\u00f3 un nuevo peak de contagios con m\u00e1s de 7.000. En esta l\u00ednea, los encuestados se\u00f1alaron en un\u00a0<strong>54% que es porque la gente no cumple las normas sanitarias<\/strong>.<\/p>\n<p>Tambi\u00e9n aument\u00f3 la\u00a0<strong>preocupaci\u00f3n por contagiarse de coronavirus, llegando a un 66%<\/strong>, nueve puntos m\u00e1s que la consulta anterior.<\/p>\n<p>En tanto, un 39% de los consultados atribuye el aumento de casos al intento del Gobierno de acelerar el proceso de volver a la \u00abnormalidad\u00bb. Adem\u00e1s, la aprobaci\u00f3n a la gesti\u00f3n del Ejecutivo frente a la crisis del coronavirus<strong>\u00a0cae de 52% a 45%<\/strong>, el nivel m\u00e1s bajo desde que comenzara el plan de vacunaci\u00f3n, que s\u00ed tiene una evaluaci\u00f3n favorable, con un\u00a087%.<\/p>\n<p>Respecto a las medidas sanitarias impuestas en el pa\u00eds, un\u00a0<strong>65% de los encuestados se mostr\u00f3 de acuerdo con mantener el toque de queda<\/strong>\u00a0a las 22:00 horas, como est\u00e1 actualmente, y otro 61% est\u00e1 de acuerdo con que su comuna vuelva al confinamiento.<\/p>\n<p>Finalmente, un\u00a0<strong>68% de los consultados est\u00e1 en desacuerdo con\u00a0\u00abterminar con todas las restricciones<\/strong>\u00a0como cuarentenas y toques de queda, y fomentar el autocuidado\u00bb.<\/p>\n","protected":false},"excerpt":{"rendered":"<p>M\u00e1s de un 50 por ciento de los encuestados considera adecuado el toque de queda a las 22:00 horas y las cuarentenas en sus comunas.&hellip; <\/p>\n","protected":false},"author":2,"featured_media":28185,"comment_status":"open","ping_status":"closed","sticky":false,"template":"","format":"standard","meta":{"footnotes":""},"categories":[37],"tags":[],"class_list":["post-37314","post","type-post","status-publish","format-standard","has-post-thumbnail","hentry","category-nacional"],"_links":{"self":[{"href":"https:\/\/www.radioamigavallenar.cl\/index.php?rest_route=\/wp\/v2\/posts\/37314","targetHints":{"allow":["GET"]}}],"collection":[{"href":"https:\/\/www.radioamigavallenar.cl\/index.php?rest_route=\/wp\/v2\/posts"}],"about":[{"href":"https:\/\/www.radioamigavallenar.cl\/index.php?rest_route=\/wp\/v2\/types\/post"}],"author":[{"embeddable":true,"href":"https:\/\/www.radioamigavallenar.cl\/index.php?rest_route=\/wp\/v2\/users\/2"}],"replies":[{"embeddable":true,"href":"https:\/\/www.radioamigavallenar.cl\/index.php?rest_route=%2Fwp%2Fv2%2Fcomments&post=37314"}],"version-history":[{"count":1,"href":"https:\/\/www.radioamigavallenar.cl\/index.php?rest_route=\/wp\/v2\/posts\/37314\/revisions"}],"predecessor-version":[{"id":37315,"href":"https:\/\/www.radioamigavallenar.cl\/index.php?rest_route=\/wp\/v2\/posts\/37314\/revisions\/37315"}],"wp:featuredmedia":[{"embeddable":true,"href":"https:\/\/www.radioamigavallenar.cl\/index.php?rest_route=\/wp\/v2\/media\/28185"}],"wp:attachment":[{"href":"https:\/\/www.radioamigavallenar.cl\/index.php?rest_route=%2Fwp%2Fv2%2Fmedia&parent=37314"}],"wp:term":[{"taxonomy":"category","embeddable":true,"href":"https:\/\/www.radioamigavallenar.cl\/index.php?rest_route=%2Fwp%2Fv2%2Fcategories&post=37314"},{"taxonomy":"post_tag","embeddable":true,"href":"https:\/\/www.radioamigavallenar.cl\/index.php?rest_route=%2Fwp%2Fv2%2Ftags&post=37314"}],"curies":[{"name":"wp","href":"https:\/\/api.w.org\/{rel}","templated":true}]}}